{"id":3339,"date":"2018-01-02T08:55:12","date_gmt":"2018-01-02T07:55:12","guid":{"rendered":"https:\/\/www.montendre.se\/?p=3339"},"modified":"2018-01-07T07:36:22","modified_gmt":"2018-01-07T06:36:22","slug":"2-januari-2018","status":"publish","type":"post","link":"https:\/\/www.montendre.se\/?p=3339","title":{"rendered":"2 januari 2018"},"content":{"rendered":"<p>Regnat hela dagen i princip oavbrutet men uppemot 13 grader.<\/p>\n<p>Jag har kaklat lite mer p\u00e5 den \u00f6versta raden mot taket.<\/p>\n<p><a href=\"https:\/\/www.montendre.se\/wp-content\/uploads\/2018\/01\/IMG_6561.jpg\"><img loading=\"lazy\" decoding=\"async\" class=\"aligncenter size-medium wp-image-3341\" src=\"https:\/\/www.montendre.se\/wp-content\/uploads\/2018\/01\/IMG_6561-300x225.jpg\" alt=\"IMG_6561\" width=\"300\" height=\"225\" srcset=\"https:\/\/www.montendre.se\/wp-content\/uploads\/2018\/01\/IMG_6561-300x225.jpg 300w, https:\/\/www.montendre.se\/wp-content\/uploads\/2018\/01\/IMG_6561-1024x768.jpg 1024w, https:\/\/www.montendre.se\/wp-content\/uploads\/2018\/01\/IMG_6561-268x200.jpg 268w, https:\/\/www.montendre.se\/wp-content\/uploads\/2018\/01\/IMG_6561-700x525.jpg 700w, https:\/\/www.montendre.se\/wp-content\/uploads\/2018\/01\/IMG_6561.jpg 1280w\" sizes=\"(max-width: 300px) 100vw, 300px\" \/><\/a><\/p>\n<p>L har st\u00e4dat en hel del.<\/p>\n<p>Sedan testade vi med handfatet eftersom jag var orolig att det skulle &#8221;t\u00e4cka&#8221; b\u00e5rden p\u00e5 v\u00e4ggen (som sticker ut en del).<\/p>\n<p><a href=\"https:\/\/www.montendre.se\/wp-content\/uploads\/2018\/01\/IMG_6562.jpg\"><img loading=\"lazy\" decoding=\"async\" class=\"aligncenter size-medium wp-image-3342\" src=\"https:\/\/www.montendre.se\/wp-content\/uploads\/2018\/01\/IMG_6562-225x300.jpg\" alt=\"IMG_6562\" width=\"225\" height=\"300\" srcset=\"https:\/\/www.montendre.se\/wp-content\/uploads\/2018\/01\/IMG_6562-225x300.jpg 225w, https:\/\/www.montendre.se\/wp-content\/uploads\/2018\/01\/IMG_6562-768x1024.jpg 768w, https:\/\/www.montendre.se\/wp-content\/uploads\/2018\/01\/IMG_6562-700x933.jpg 700w, https:\/\/www.montendre.se\/wp-content\/uploads\/2018\/01\/IMG_6562.jpg 960w\" sizes=\"(max-width: 225px) 100vw, 225px\" \/><\/a><\/p>\n<p>B\u00f6rjade planera lite f\u00f6r handdukstorkens placering ocks\u00e5.<\/p>\n<p>Middag p\u00e5 creperiet.<\/p>\n","protected":false},"excerpt":{"rendered":"<p>Regnat hela dagen i princip oavbrutet men uppemot 13 grader. Jag har kaklat lite mer p\u00e5 den \u00f6versta raden mot taket. L har st\u00e4dat en hel del. Sedan testade vi med handfatet eftersom jag var orolig att det skulle &#8221;t\u00e4cka&#8221; b\u00e5rden p\u00e5 v\u00e4ggen (som sticker ut en del). B\u00f6rjade planera &#8230;<\/p>\n","protected":false},"author":1,"featured_media":0,"comment_status":"open","ping_status":"open","sticky":false,"template":"","format":"standard","meta":{"jetpack_post_was_ever_published":false,"_jetpack_newsletter_access":"","_jetpack_dont_email_post_to_subs":false,"_jetpack_newsletter_tier_id":0,"footnotes":""},"categories":[49],"tags":[],"jetpack_sharing_enabled":true,"jetpack_featured_media_url":"","_links":{"self":[{"href":"https:\/\/www.montendre.se\/index.php?rest_route=\/wp\/v2\/posts\/3339"}],"collection":[{"href":"https:\/\/www.montendre.se\/index.php?rest_route=\/wp\/v2\/posts"}],"about":[{"href":"https:\/\/www.montendre.se\/index.php?rest_route=\/wp\/v2\/types\/post"}],"author":[{"embeddable":true,"href":"https:\/\/www.montendre.se\/index.php?rest_route=\/wp\/v2\/users\/1"}],"replies":[{"embeddable":true,"href":"https:\/\/www.montendre.se\/index.php?rest_route=%2Fwp%2Fv2%2Fcomments&post=3339"}],"version-history":[{"count":2,"href":"https:\/\/www.montendre.se\/index.php?rest_route=\/wp\/v2\/posts\/3339\/revisions"}],"predecessor-version":[{"id":3343,"href":"https:\/\/www.montendre.se\/index.php?rest_route=\/wp\/v2\/posts\/3339\/revisions\/3343"}],"wp:attachment":[{"href":"https:\/\/www.montendre.se\/index.php?rest_route=%2Fwp%2Fv2%2Fmedia&parent=3339"}],"wp:term":[{"taxonomy":"category","embeddable":true,"href":"https:\/\/www.montendre.se\/index.php?rest_route=%2Fwp%2Fv2%2Fcategories&post=3339"},{"taxonomy":"post_tag","embeddable":true,"href":"https:\/\/www.montendre.se\/index.php?rest_route=%2Fwp%2Fv2%2Ftags&post=3339"}],"curies":[{"name":"wp","href":"https:\/\/api.w.org\/{rel}","templated":true}]}}