{"id":3309,"date":"2017-11-08T19:20:35","date_gmt":"2017-11-08T18:20:35","guid":{"rendered":"https:\/\/www.montendre.se\/?p=3309"},"modified":"2017-11-18T10:21:27","modified_gmt":"2017-11-18T09:21:27","slug":"8-november-2017","status":"publish","type":"post","link":"https:\/\/www.montendre.se\/?p=3309","title":{"rendered":"8 november 2017"},"content":{"rendered":"<p>V\u00e4xlande v\u00e4der idag, sol p\u00e5 fm och regn p\u00e5 em. 11 grader som mest.<\/p>\n<p>M\u00e5lade taket i badrummet en &#8221;sista&#8221; g\u00e5ng. Jag kommer nog f\u00f6rb\u00e4ttra p\u00e5 n\u00e5gra enstaka st\u00e4llen men lamporna kan jag s\u00e4tta p\u00e5 plats.<\/p>\n<p><a href=\"https:\/\/www.montendre.se\/wp-content\/uploads\/2017\/11\/IMG_6137.jpg\"><img loading=\"lazy\" decoding=\"async\" class=\"aligncenter size-medium wp-image-3314\" src=\"https:\/\/www.montendre.se\/wp-content\/uploads\/2017\/11\/IMG_6137-225x300.jpg\" alt=\"IMG_6137\" width=\"225\" height=\"300\" srcset=\"https:\/\/www.montendre.se\/wp-content\/uploads\/2017\/11\/IMG_6137-225x300.jpg 225w, https:\/\/www.montendre.se\/wp-content\/uploads\/2017\/11\/IMG_6137-768x1024.jpg 768w, https:\/\/www.montendre.se\/wp-content\/uploads\/2017\/11\/IMG_6137-700x933.jpg 700w, https:\/\/www.montendre.se\/wp-content\/uploads\/2017\/11\/IMG_6137.jpg 960w\" sizes=\"(max-width: 225px) 100vw, 225px\" \/><\/a>Uppt\u00e4ckte att elektrikern kopplat fl\u00e4kten fel s\u00e5 den f\u00e5r h\u00e4nga ett tag till. Han hade kopplat s\u00e5 man kunde bryta str\u00f6mmen helt till den (den \u00e4r fuktsensorstyrd), men jag vill ha det s\u00e5 man kan sl\u00e5 p\u00e5 den \u00e4ven om den inte tycker fukthalten \u00e4r tillr\u00e4ckligt h\u00f6g.<\/p>\n<p>N\u00e5tat klart golvsektionen. Ska prova att lacka p\u00e5 fredag eller l\u00f6rdag.<\/p>\n<p>B\u00f6rjade f\u00f6rs\u00f6ka kakla \u00f6versta raderna nu n\u00e4r taket \u00e4r klart. Gick inte helt bra f\u00f6rsta f\u00f6rs\u00f6ket f\u00f6r kornischen var f\u00f6r tung trots att jag blandade\u00a0kakelfixet s\u00e5 kletigt som m\u00f6jligt. S\u00e5 jag fick konstruera en st\u00f6tta som jag anv\u00e4nde i ett andra f\u00f6rs\u00f6k. Kommer ta r\u00e4tt l\u00e5ng tid dock eftersom jag inte kan kakla s\u00e5 m\u00e5nga kornischplattor \u00e5t g\u00e5ngen.<\/p>\n<p><a href=\"https:\/\/www.montendre.se\/wp-content\/uploads\/2017\/11\/IMG_6135.jpg\"><img loading=\"lazy\" decoding=\"async\" class=\"aligncenter size-medium wp-image-3310\" src=\"https:\/\/www.montendre.se\/wp-content\/uploads\/2017\/11\/IMG_6135-300x225.jpg\" alt=\"IMG_6135\" width=\"300\" height=\"225\" srcset=\"https:\/\/www.montendre.se\/wp-content\/uploads\/2017\/11\/IMG_6135-300x225.jpg 300w, https:\/\/www.montendre.se\/wp-content\/uploads\/2017\/11\/IMG_6135-1024x768.jpg 1024w, https:\/\/www.montendre.se\/wp-content\/uploads\/2017\/11\/IMG_6135-268x200.jpg 268w, https:\/\/www.montendre.se\/wp-content\/uploads\/2017\/11\/IMG_6135-700x525.jpg 700w, https:\/\/www.montendre.se\/wp-content\/uploads\/2017\/11\/IMG_6135.jpg 1280w\" sizes=\"(max-width: 300px) 100vw, 300px\" \/><\/a><\/p>\n<p>Och i v\u00e4ntan p\u00e5 att det ska torka kaklade jag n\u00e5gra\u00a0sockelplattor p\u00e5 hallv\u00e4ggen.<\/p>\n<p><a href=\"https:\/\/www.montendre.se\/wp-content\/uploads\/2017\/11\/IMG_6136.jpg\"><img loading=\"lazy\" decoding=\"async\" class=\"aligncenter size-medium wp-image-3311\" src=\"https:\/\/www.montendre.se\/wp-content\/uploads\/2017\/11\/IMG_6136-300x225.jpg\" alt=\"IMG_6136\" width=\"300\" height=\"225\" srcset=\"https:\/\/www.montendre.se\/wp-content\/uploads\/2017\/11\/IMG_6136-300x225.jpg 300w, https:\/\/www.montendre.se\/wp-content\/uploads\/2017\/11\/IMG_6136-1024x768.jpg 1024w, https:\/\/www.montendre.se\/wp-content\/uploads\/2017\/11\/IMG_6136-268x200.jpg 268w, https:\/\/www.montendre.se\/wp-content\/uploads\/2017\/11\/IMG_6136-700x525.jpg 700w, https:\/\/www.montendre.se\/wp-content\/uploads\/2017\/11\/IMG_6136.jpg 1280w\" sizes=\"(max-width: 300px) 100vw, 300px\" \/><\/a><\/p>\n<p>Middag hemma.<\/p>\n","protected":false},"excerpt":{"rendered":"<p>V\u00e4xlande v\u00e4der idag, sol p\u00e5 fm och regn p\u00e5 em. 11 grader som mest. M\u00e5lade taket i badrummet en &#8221;sista&#8221; g\u00e5ng. Jag kommer nog f\u00f6rb\u00e4ttra p\u00e5 n\u00e5gra enstaka st\u00e4llen men lamporna kan jag s\u00e4tta p\u00e5 plats. Uppt\u00e4ckte att elektrikern kopplat fl\u00e4kten fel s\u00e5 den f\u00e5r h\u00e4nga ett tag till. Han &#8230;<\/p>\n","protected":false},"author":1,"featured_media":0,"comment_status":"open","ping_status":"open","sticky":false,"template":"","format":"standard","meta":{"jetpack_post_was_ever_published":false,"_jetpack_newsletter_access":"","_jetpack_dont_email_post_to_subs":false,"_jetpack_newsletter_tier_id":0,"footnotes":""},"categories":[48],"tags":[],"jetpack_sharing_enabled":true,"jetpack_featured_media_url":"","_links":{"self":[{"href":"https:\/\/www.montendre.se\/index.php?rest_route=\/wp\/v2\/posts\/3309"}],"collection":[{"href":"https:\/\/www.montendre.se\/index.php?rest_route=\/wp\/v2\/posts"}],"about":[{"href":"https:\/\/www.montendre.se\/index.php?rest_route=\/wp\/v2\/types\/post"}],"author":[{"embeddable":true,"href":"https:\/\/www.montendre.se\/index.php?rest_route=\/wp\/v2\/users\/1"}],"replies":[{"embeddable":true,"href":"https:\/\/www.montendre.se\/index.php?rest_route=%2Fwp%2Fv2%2Fcomments&post=3309"}],"version-history":[{"count":4,"href":"https:\/\/www.montendre.se\/index.php?rest_route=\/wp\/v2\/posts\/3309\/revisions"}],"predecessor-version":[{"id":3334,"href":"https:\/\/www.montendre.se\/index.php?rest_route=\/wp\/v2\/posts\/3309\/revisions\/3334"}],"wp:attachment":[{"href":"https:\/\/www.montendre.se\/index.php?rest_route=%2Fwp%2Fv2%2Fmedia&parent=3309"}],"wp:term":[{"taxonomy":"category","embeddable":true,"href":"https:\/\/www.montendre.se\/index.php?rest_route=%2Fwp%2Fv2%2Fcategories&post=3309"},{"taxonomy":"post_tag","embeddable":true,"href":"https:\/\/www.montendre.se\/index.php?rest_route=%2Fwp%2Fv2%2Ftags&post=3309"}],"curies":[{"name":"wp","href":"https:\/\/api.w.org\/{rel}","templated":true}]}}