{"id":3298,"date":"2017-11-06T20:32:33","date_gmt":"2017-11-06T19:32:33","guid":{"rendered":"https:\/\/www.montendre.se\/?p=3298"},"modified":"2017-11-06T20:32:33","modified_gmt":"2017-11-06T19:32:33","slug":"6-november-2017","status":"publish","type":"post","link":"https:\/\/www.montendre.se\/?p=3298","title":{"rendered":"6 november 2017"},"content":{"rendered":"<p>R\u00e4tt mycket sol men kallt, 11 grader som mest.<\/p>\n<p>Elektrikern kom vid nio-tiden och b\u00f6rjade ansluta lampor och fl\u00e4kt. Han var kvar n\u00e4r jag skjutsade L till flygplatsen vid kl 10.<\/p>\n<p>Eftersom jag inte hunnit m\u00e5la tillr\u00e4ckligt m\u00e5nga lager l\u00e4mnade han lamporna h\u00e4ngande.<\/p>\n<p><a href=\"https:\/\/www.montendre.se\/wp-content\/uploads\/2017\/11\/IMG_6114.jpg\"><img loading=\"lazy\" decoding=\"async\" class=\"aligncenter size-medium wp-image-3300\" src=\"https:\/\/www.montendre.se\/wp-content\/uploads\/2017\/11\/IMG_6114-225x300.jpg\" alt=\"IMG_6114\" width=\"225\" height=\"300\" srcset=\"https:\/\/www.montendre.se\/wp-content\/uploads\/2017\/11\/IMG_6114-225x300.jpg 225w, https:\/\/www.montendre.se\/wp-content\/uploads\/2017\/11\/IMG_6114-768x1024.jpg 768w, https:\/\/www.montendre.se\/wp-content\/uploads\/2017\/11\/IMG_6114-700x933.jpg 700w, https:\/\/www.montendre.se\/wp-content\/uploads\/2017\/11\/IMG_6114.jpg 960w\" sizes=\"(max-width: 225px) 100vw, 225px\" \/><\/a><\/p>\n<p>Sedan fixade jag lite i tr\u00e4dg\u00e5rden och spacklade lite mer i taket i badrummet. Efter m\u00e5lningen s\u00e5g man skavankerna i spacklingen\u00a0mycket tydligare<\/p>\n<p>Kapade lite kakel som jag kanske kan s\u00e4tta upp i morgon.<\/p>\n<p>B\u00f6rjade n\u00e5ta n\u00e5gra av springorna i golvet nedanf\u00f6r trappen.<\/p>\n<p>Middag hemma.<\/p>\n","protected":false},"excerpt":{"rendered":"<p>R\u00e4tt mycket sol men kallt, 11 grader som mest. Elektrikern kom vid nio-tiden och b\u00f6rjade ansluta lampor och fl\u00e4kt. Han var kvar n\u00e4r jag skjutsade L till flygplatsen vid kl 10. Eftersom jag inte hunnit m\u00e5la tillr\u00e4ckligt m\u00e5nga lager l\u00e4mnade han lamporna h\u00e4ngande. Sedan fixade jag lite i tr\u00e4dg\u00e5rden och &#8230;<\/p>\n","protected":false},"author":1,"featured_media":0,"comment_status":"open","ping_status":"open","sticky":false,"template":"","format":"standard","meta":{"jetpack_post_was_ever_published":false,"_jetpack_newsletter_access":"","_jetpack_dont_email_post_to_subs":false,"_jetpack_newsletter_tier_id":0,"footnotes":""},"categories":[48],"tags":[],"jetpack_sharing_enabled":true,"jetpack_featured_media_url":"","_links":{"self":[{"href":"https:\/\/www.montendre.se\/index.php?rest_route=\/wp\/v2\/posts\/3298"}],"collection":[{"href":"https:\/\/www.montendre.se\/index.php?rest_route=\/wp\/v2\/posts"}],"about":[{"href":"https:\/\/www.montendre.se\/index.php?rest_route=\/wp\/v2\/types\/post"}],"author":[{"embeddable":true,"href":"https:\/\/www.montendre.se\/index.php?rest_route=\/wp\/v2\/users\/1"}],"replies":[{"embeddable":true,"href":"https:\/\/www.montendre.se\/index.php?rest_route=%2Fwp%2Fv2%2Fcomments&post=3298"}],"version-history":[{"count":2,"href":"https:\/\/www.montendre.se\/index.php?rest_route=\/wp\/v2\/posts\/3298\/revisions"}],"predecessor-version":[{"id":3302,"href":"https:\/\/www.montendre.se\/index.php?rest_route=\/wp\/v2\/posts\/3298\/revisions\/3302"}],"wp:attachment":[{"href":"https:\/\/www.montendre.se\/index.php?rest_route=%2Fwp%2Fv2%2Fmedia&parent=3298"}],"wp:term":[{"taxonomy":"category","embeddable":true,"href":"https:\/\/www.montendre.se\/index.php?rest_route=%2Fwp%2Fv2%2Fcategories&post=3298"},{"taxonomy":"post_tag","embeddable":true,"href":"https:\/\/www.montendre.se\/index.php?rest_route=%2Fwp%2Fv2%2Ftags&post=3298"}],"curies":[{"name":"wp","href":"https:\/\/api.w.org\/{rel}","templated":true}]}}