{"id":3259,"date":"2017-11-01T18:45:51","date_gmt":"2017-11-01T17:45:51","guid":{"rendered":"https:\/\/www.montendre.se\/?p=3259"},"modified":"2017-11-01T18:46:38","modified_gmt":"2017-11-01T17:46:38","slug":"1-november-2017","status":"publish","type":"post","link":"https:\/\/www.montendre.se\/?p=3259","title":{"rendered":"1 november 2017"},"content":{"rendered":"<p>Lite varmare idag \u00e4ven om det bl\u00e5ste v\u00e4ldigt kall nordlig vind i morse. P\u00e5 eftermiddagen 19 grader. Sol hela dagen.<\/p>\n<p>Fick veden levererad p\u00e5 morgonen.<\/p>\n<p><img loading=\"lazy\" decoding=\"async\" class=\"aligncenter size-medium wp-image-3261\" src=\"https:\/\/www.montendre.se\/wp-content\/uploads\/2017\/11\/IMG_6063-300x225.jpg\" alt=\"IMG_6063\" width=\"300\" height=\"225\" srcset=\"https:\/\/www.montendre.se\/wp-content\/uploads\/2017\/11\/IMG_6063-300x225.jpg 300w, https:\/\/www.montendre.se\/wp-content\/uploads\/2017\/11\/IMG_6063-1024x768.jpg 1024w, https:\/\/www.montendre.se\/wp-content\/uploads\/2017\/11\/IMG_6063-268x200.jpg 268w, https:\/\/www.montendre.se\/wp-content\/uploads\/2017\/11\/IMG_6063-700x525.jpg 700w, https:\/\/www.montendre.se\/wp-content\/uploads\/2017\/11\/IMG_6063.jpg 1280w\" sizes=\"(max-width: 300px) 100vw, 300px\" \/><\/p>\n<p>Har hands\u00e5gat ett antal kakelplattor som utg\u00f6r kornischen uppe vid taket. De m\u00e5ste geras f\u00f6r inv\u00e4ndiga och utv\u00e4ndiga h\u00f6rn vid duschen. Elektriska kakelkapen var f\u00f6r liten. Tar n\u00e4sta 30 minuter per platta att s\u00e5ga f\u00f6r hand. Har s\u00e5gat 4 av 8 nu.<\/p>\n<p><a href=\"https:\/\/www.montendre.se\/wp-content\/uploads\/2017\/11\/IMG_6073.jpg\"><img loading=\"lazy\" decoding=\"async\" class=\"aligncenter size-medium wp-image-3273\" src=\"https:\/\/www.montendre.se\/wp-content\/uploads\/2017\/11\/IMG_6073-300x225.jpg\" alt=\"IMG_6073\" width=\"300\" height=\"225\" srcset=\"https:\/\/www.montendre.se\/wp-content\/uploads\/2017\/11\/IMG_6073-300x225.jpg 300w, https:\/\/www.montendre.se\/wp-content\/uploads\/2017\/11\/IMG_6073-1024x768.jpg 1024w, https:\/\/www.montendre.se\/wp-content\/uploads\/2017\/11\/IMG_6073-268x200.jpg 268w, https:\/\/www.montendre.se\/wp-content\/uploads\/2017\/11\/IMG_6073-700x525.jpg 700w, https:\/\/www.montendre.se\/wp-content\/uploads\/2017\/11\/IMG_6073.jpg 1280w\" sizes=\"(max-width: 300px) 100vw, 300px\" \/><\/a><\/p>\n<p>Sedan f\u00f6rberett f\u00f6r sockelkakling vid toan och kaklat halva ungef\u00e4r.<\/p>\n<p><a href=\"https:\/\/www.montendre.se\/wp-content\/uploads\/2017\/11\/IMG_6066.jpg\"><img loading=\"lazy\" decoding=\"async\" class=\"aligncenter size-medium wp-image-3267\" src=\"https:\/\/www.montendre.se\/wp-content\/uploads\/2017\/11\/IMG_6066-225x300.jpg\" alt=\"IMG_6066\" width=\"225\" height=\"300\" srcset=\"https:\/\/www.montendre.se\/wp-content\/uploads\/2017\/11\/IMG_6066-225x300.jpg 225w, https:\/\/www.montendre.se\/wp-content\/uploads\/2017\/11\/IMG_6066-768x1024.jpg 768w, https:\/\/www.montendre.se\/wp-content\/uploads\/2017\/11\/IMG_6066-700x933.jpg 700w, https:\/\/www.montendre.se\/wp-content\/uploads\/2017\/11\/IMG_6066.jpg 960w\" sizes=\"(max-width: 225px) 100vw, 225px\" \/><\/a><\/p>\n<p>Funderat lite mer p\u00e5 sockel &#8211; duschkar. Kommer h\u00f6ja duschkaret lite f\u00f6r att f\u00e5 plats med en kvartsstav (aluminium). S\u00e5 blir det silikon mellan kvartsstav och duschkar och fog mellan kvartsstav och sockel. Socklarna \u00e4r inte 100% glaserade p\u00e5 ovansidan, s\u00e5 d\u00e4rf\u00f6r beh\u00f6vs en\u00a0list d\u00e4r.<\/p>\n<p><a href=\"https:\/\/www.montendre.se\/wp-content\/uploads\/2017\/11\/IMG_6068.jpg\"><img loading=\"lazy\" decoding=\"async\" class=\"aligncenter size-medium wp-image-3274\" src=\"https:\/\/www.montendre.se\/wp-content\/uploads\/2017\/11\/IMG_6068-225x300.jpg\" alt=\"IMG_6068\" width=\"225\" height=\"300\" srcset=\"https:\/\/www.montendre.se\/wp-content\/uploads\/2017\/11\/IMG_6068-225x300.jpg 225w, https:\/\/www.montendre.se\/wp-content\/uploads\/2017\/11\/IMG_6068-768x1024.jpg 768w, https:\/\/www.montendre.se\/wp-content\/uploads\/2017\/11\/IMG_6068-700x933.jpg 700w, https:\/\/www.montendre.se\/wp-content\/uploads\/2017\/11\/IMG_6068.jpg 960w\" sizes=\"(max-width: 225px) 100vw, 225px\" \/><\/a><\/p>\n<p>&nbsp;<\/p>\n<p>Bytt knivar p\u00e5 Klippo.<\/p>\n<p>En del blommor k\u00e4mpar p\u00e5. De sm\u00e5 bruna stumparna i rabatten vi s\u00e5g i somras (och som inte ens hade n\u00e5gra blad d\u00e5) blommar nu p\u00e5 h\u00f6sten.<\/p>\n<p><a href=\"https:\/\/www.montendre.se\/wp-content\/uploads\/2017\/11\/IMG_6065-1.jpg\"><img loading=\"lazy\" decoding=\"async\" class=\"aligncenter size-medium wp-image-3262\" src=\"https:\/\/www.montendre.se\/wp-content\/uploads\/2017\/11\/IMG_6065-1-300x225.jpg\" alt=\"IMG_6065 (1)\" width=\"300\" height=\"225\" srcset=\"https:\/\/www.montendre.se\/wp-content\/uploads\/2017\/11\/IMG_6065-1-300x225.jpg 300w, https:\/\/www.montendre.se\/wp-content\/uploads\/2017\/11\/IMG_6065-1-1024x768.jpg 1024w, https:\/\/www.montendre.se\/wp-content\/uploads\/2017\/11\/IMG_6065-1-268x200.jpg 268w, https:\/\/www.montendre.se\/wp-content\/uploads\/2017\/11\/IMG_6065-1-700x525.jpg 700w, https:\/\/www.montendre.se\/wp-content\/uploads\/2017\/11\/IMG_6065-1.jpg 1280w\" sizes=\"(max-width: 300px) 100vw, 300px\" \/><\/a><\/p>\n<p>Och n\u00e5gra blommor i krukorna:<\/p>\n<p><a href=\"https:\/\/www.montendre.se\/wp-content\/uploads\/2017\/11\/IMG_6062.jpg\"><img loading=\"lazy\" decoding=\"async\" class=\"aligncenter size-medium wp-image-3263\" src=\"https:\/\/www.montendre.se\/wp-content\/uploads\/2017\/11\/IMG_6062-300x225.jpg\" alt=\"IMG_6062\" width=\"300\" height=\"225\" srcset=\"https:\/\/www.montendre.se\/wp-content\/uploads\/2017\/11\/IMG_6062-300x225.jpg 300w, https:\/\/www.montendre.se\/wp-content\/uploads\/2017\/11\/IMG_6062-1024x768.jpg 1024w, https:\/\/www.montendre.se\/wp-content\/uploads\/2017\/11\/IMG_6062-268x200.jpg 268w, https:\/\/www.montendre.se\/wp-content\/uploads\/2017\/11\/IMG_6062-700x525.jpg 700w, https:\/\/www.montendre.se\/wp-content\/uploads\/2017\/11\/IMG_6062.jpg 1280w\" sizes=\"(max-width: 300px) 100vw, 300px\" \/><\/a><a href=\"https:\/\/www.montendre.se\/wp-content\/uploads\/2017\/11\/IMG_6061.jpg\"><img loading=\"lazy\" decoding=\"async\" class=\"aligncenter size-medium wp-image-3264\" src=\"https:\/\/www.montendre.se\/wp-content\/uploads\/2017\/11\/IMG_6061-225x300.jpg\" alt=\"IMG_6061\" width=\"225\" height=\"300\" srcset=\"https:\/\/www.montendre.se\/wp-content\/uploads\/2017\/11\/IMG_6061-225x300.jpg 225w, https:\/\/www.montendre.se\/wp-content\/uploads\/2017\/11\/IMG_6061-768x1024.jpg 768w, https:\/\/www.montendre.se\/wp-content\/uploads\/2017\/11\/IMG_6061-700x933.jpg 700w, https:\/\/www.montendre.se\/wp-content\/uploads\/2017\/11\/IMG_6061.jpg 960w\" sizes=\"(max-width: 225px) 100vw, 225px\" \/><\/a><a href=\"https:\/\/www.montendre.se\/wp-content\/uploads\/2017\/11\/IMG_6060.jpg\"><img loading=\"lazy\" decoding=\"async\" class=\"aligncenter size-medium wp-image-3265\" src=\"https:\/\/www.montendre.se\/wp-content\/uploads\/2017\/11\/IMG_6060-225x300.jpg\" alt=\"IMG_6060\" width=\"225\" height=\"300\" srcset=\"https:\/\/www.montendre.se\/wp-content\/uploads\/2017\/11\/IMG_6060-225x300.jpg 225w, https:\/\/www.montendre.se\/wp-content\/uploads\/2017\/11\/IMG_6060-768x1024.jpg 768w, https:\/\/www.montendre.se\/wp-content\/uploads\/2017\/11\/IMG_6060-700x933.jpg 700w, https:\/\/www.montendre.se\/wp-content\/uploads\/2017\/11\/IMG_6060.jpg 960w\" sizes=\"(max-width: 225px) 100vw, 225px\" \/><\/a><\/p>\n<p>&nbsp;<\/p>\n<p>Hade t\u00e4nkt g\u00e5 p\u00e5 baren och k\u00e4ka men &#8221;Ferm\u00e9e exceptionnel&#8221; pga &#8221;Alla helgon&#8221;. R\u00f6d dag i Frankrike idag. S\u00e5 det blev middag hemma.<\/p>\n","protected":false},"excerpt":{"rendered":"<p>Lite varmare idag \u00e4ven om det bl\u00e5ste v\u00e4ldigt kall nordlig vind i morse. P\u00e5 eftermiddagen 19 grader. Sol hela dagen. Fick veden levererad p\u00e5 morgonen. Har hands\u00e5gat ett antal kakelplattor som utg\u00f6r kornischen uppe vid taket. De m\u00e5ste geras f\u00f6r inv\u00e4ndiga och utv\u00e4ndiga h\u00f6rn vid duschen. Elektriska kakelkapen var f\u00f6r &#8230;<\/p>\n","protected":false},"author":1,"featured_media":0,"comment_status":"open","ping_status":"open","sticky":false,"template":"","format":"standard","meta":{"jetpack_post_was_ever_published":false,"_jetpack_newsletter_access":"","_jetpack_dont_email_post_to_subs":false,"_jetpack_newsletter_tier_id":0,"footnotes":""},"categories":[48],"tags":[],"jetpack_sharing_enabled":true,"jetpack_featured_media_url":"","_links":{"self":[{"href":"https:\/\/www.montendre.se\/index.php?rest_route=\/wp\/v2\/posts\/3259"}],"collection":[{"href":"https:\/\/www.montendre.se\/index.php?rest_route=\/wp\/v2\/posts"}],"about":[{"href":"https:\/\/www.montendre.se\/index.php?rest_route=\/wp\/v2\/types\/post"}],"author":[{"embeddable":true,"href":"https:\/\/www.montendre.se\/index.php?rest_route=\/wp\/v2\/users\/1"}],"replies":[{"embeddable":true,"href":"https:\/\/www.montendre.se\/index.php?rest_route=%2Fwp%2Fv2%2Fcomments&post=3259"}],"version-history":[{"count":10,"href":"https:\/\/www.montendre.se\/index.php?rest_route=\/wp\/v2\/posts\/3259\/revisions"}],"predecessor-version":[{"id":3277,"href":"https:\/\/www.montendre.se\/index.php?rest_route=\/wp\/v2\/posts\/3259\/revisions\/3277"}],"wp:attachment":[{"href":"https:\/\/www.montendre.se\/index.php?rest_route=%2Fwp%2Fv2%2Fmedia&parent=3259"}],"wp:term":[{"taxonomy":"category","embeddable":true,"href":"https:\/\/www.montendre.se\/index.php?rest_route=%2Fwp%2Fv2%2Fcategories&post=3259"},{"taxonomy":"post_tag","embeddable":true,"href":"https:\/\/www.montendre.se\/index.php?rest_route=%2Fwp%2Fv2%2Ftags&post=3259"}],"curies":[{"name":"wp","href":"https:\/\/api.w.org\/{rel}","templated":true}]}}