{"id":3227,"date":"2017-09-13T20:36:20","date_gmt":"2017-09-13T18:36:20","guid":{"rendered":"https:\/\/www.montendre.se\/?p=3227"},"modified":"2017-09-13T20:36:28","modified_gmt":"2017-09-13T18:36:28","slug":"13-september-2017","status":"publish","type":"post","link":"https:\/\/www.montendre.se\/?p=3227","title":{"rendered":"13 september 2017"},"content":{"rendered":"<p>Uselt v\u00e4der idag med ideliga regnskurar. Men ljummet ute, runt 20 grader.<\/p>\n<p>Fixat klart med reglarna f\u00f6r gipsskivorna i taket.<\/p>\n<p><a href=\"https:\/\/www.montendre.se\/wp-content\/uploads\/2017\/09\/IMG_5685.jpg\"><img loading=\"lazy\" decoding=\"async\" class=\"aligncenter size-medium wp-image-3228\" src=\"https:\/\/www.montendre.se\/wp-content\/uploads\/2017\/09\/IMG_5685-300x225.jpg\" alt=\"IMG_5685\" width=\"300\" height=\"225\" srcset=\"https:\/\/www.montendre.se\/wp-content\/uploads\/2017\/09\/IMG_5685-300x225.jpg 300w, https:\/\/www.montendre.se\/wp-content\/uploads\/2017\/09\/IMG_5685-1024x768.jpg 1024w, https:\/\/www.montendre.se\/wp-content\/uploads\/2017\/09\/IMG_5685-268x200.jpg 268w, https:\/\/www.montendre.se\/wp-content\/uploads\/2017\/09\/IMG_5685-700x525.jpg 700w, https:\/\/www.montendre.se\/wp-content\/uploads\/2017\/09\/IMG_5685.jpg 1280w\" sizes=\"(max-width: 300px) 100vw, 300px\" \/><\/a><\/p>\n<p>Behandlat en d\u00f6rr mot tr\u00e4mask. De listiga tr\u00e4maskarna hade satt sig p\u00e5 undersidan av d\u00f6rren och i och med det var det sv\u00e5rt att komma \u00e5t och behandla d\u00f6rren. Och eftersom fransm\u00e4nnen g\u00f6r som de g\u00f6r med g\u00e5ngj\u00e4rnen p\u00e5 d\u00f6rrar var jag tvungen att skruva bort alla g\u00e5ngj\u00e4rn f\u00f6r att f\u00e5 bort d\u00f6rren och komma \u00e5t\u00a0undersidan d\u00f6rren. Pust&#8230;<\/p>\n<p>Rensat lite bj\u00f6rnb\u00e4r och murgr\u00f6na i tr\u00e4dg\u00e5rden.<\/p>\n<p>F\u00f6rberett kakling av sockel mot sovrummet.<\/p>\n<p>Middag p\u00e5 baren.<\/p>\n","protected":false},"excerpt":{"rendered":"<p>Uselt v\u00e4der idag med ideliga regnskurar. Men ljummet ute, runt 20 grader. Fixat klart med reglarna f\u00f6r gipsskivorna i taket. Behandlat en d\u00f6rr mot tr\u00e4mask. De listiga tr\u00e4maskarna hade satt sig p\u00e5 undersidan av d\u00f6rren och i och med det var det sv\u00e5rt att komma \u00e5t och behandla d\u00f6rren. Och &#8230;<\/p>\n","protected":false},"author":1,"featured_media":0,"comment_status":"open","ping_status":"open","sticky":false,"template":"","format":"standard","meta":{"jetpack_post_was_ever_published":false,"_jetpack_newsletter_access":"","_jetpack_dont_email_post_to_subs":false,"_jetpack_newsletter_tier_id":0,"footnotes":""},"categories":[47],"tags":[],"jetpack_sharing_enabled":true,"jetpack_featured_media_url":"","_links":{"self":[{"href":"https:\/\/www.montendre.se\/index.php?rest_route=\/wp\/v2\/posts\/3227"}],"collection":[{"href":"https:\/\/www.montendre.se\/index.php?rest_route=\/wp\/v2\/posts"}],"about":[{"href":"https:\/\/www.montendre.se\/index.php?rest_route=\/wp\/v2\/types\/post"}],"author":[{"embeddable":true,"href":"https:\/\/www.montendre.se\/index.php?rest_route=\/wp\/v2\/users\/1"}],"replies":[{"embeddable":true,"href":"https:\/\/www.montendre.se\/index.php?rest_route=%2Fwp%2Fv2%2Fcomments&post=3227"}],"version-history":[{"count":4,"href":"https:\/\/www.montendre.se\/index.php?rest_route=\/wp\/v2\/posts\/3227\/revisions"}],"predecessor-version":[{"id":3232,"href":"https:\/\/www.montendre.se\/index.php?rest_route=\/wp\/v2\/posts\/3227\/revisions\/3232"}],"wp:attachment":[{"href":"https:\/\/www.montendre.se\/index.php?rest_route=%2Fwp%2Fv2%2Fmedia&parent=3227"}],"wp:term":[{"taxonomy":"category","embeddable":true,"href":"https:\/\/www.montendre.se\/index.php?rest_route=%2Fwp%2Fv2%2Fcategories&post=3227"},{"taxonomy":"post_tag","embeddable":true,"href":"https:\/\/www.montendre.se\/index.php?rest_route=%2Fwp%2Fv2%2Ftags&post=3227"}],"curies":[{"name":"wp","href":"https:\/\/api.w.org\/{rel}","templated":true}]}}