{"id":3220,"date":"2017-09-12T21:02:22","date_gmt":"2017-09-12T19:02:22","guid":{"rendered":"https:\/\/www.montendre.se\/?p=3220"},"modified":"2017-09-12T21:02:22","modified_gmt":"2017-09-12T19:02:22","slug":"12-september-2017","status":"publish","type":"post","link":"https:\/\/www.montendre.se\/?p=3220","title":{"rendered":"12 september 2017"},"content":{"rendered":"<p>B\u00e4ttre v\u00e4der idag. En hel del sol men n\u00e5gra enstaka skurar, 20 grader.<\/p>\n<p>Fortsatt kakla och hunnit klart med allt utom det n\u00e4rmast taket (d\u00e4r jag m\u00e5ste v\u00e4nta till taket \u00e4r p\u00e5 plats) och socklarna.<\/p>\n<p><a href=\"https:\/\/www.montendre.se\/wp-content\/uploads\/2017\/09\/IMG_5679.jpg\"><img loading=\"lazy\" decoding=\"async\" class=\"aligncenter size-medium wp-image-3222\" src=\"https:\/\/www.montendre.se\/wp-content\/uploads\/2017\/09\/IMG_5679-225x300.jpg\" alt=\"IMG_5679\" width=\"225\" height=\"300\" srcset=\"https:\/\/www.montendre.se\/wp-content\/uploads\/2017\/09\/IMG_5679-225x300.jpg 225w, https:\/\/www.montendre.se\/wp-content\/uploads\/2017\/09\/IMG_5679-768x1024.jpg 768w, https:\/\/www.montendre.se\/wp-content\/uploads\/2017\/09\/IMG_5679-700x933.jpg 700w, https:\/\/www.montendre.se\/wp-content\/uploads\/2017\/09\/IMG_5679.jpg 960w\" sizes=\"(max-width: 225px) 100vw, 225px\" \/><\/a><\/p>\n<p>Provat att s\u00e4tta upp ett par reglar i taket f\u00f6r gipsskivorna.<\/p>\n<p><a href=\"https:\/\/www.montendre.se\/wp-content\/uploads\/2017\/09\/IMG_5682.jpg\"><img loading=\"lazy\" decoding=\"async\" class=\"aligncenter size-medium wp-image-3223\" src=\"https:\/\/www.montendre.se\/wp-content\/uploads\/2017\/09\/IMG_5682-300x225.jpg\" alt=\"IMG_5682\" width=\"300\" height=\"225\" srcset=\"https:\/\/www.montendre.se\/wp-content\/uploads\/2017\/09\/IMG_5682-300x225.jpg 300w, https:\/\/www.montendre.se\/wp-content\/uploads\/2017\/09\/IMG_5682-1024x768.jpg 1024w, https:\/\/www.montendre.se\/wp-content\/uploads\/2017\/09\/IMG_5682-268x200.jpg 268w, https:\/\/www.montendre.se\/wp-content\/uploads\/2017\/09\/IMG_5682-700x525.jpg 700w, https:\/\/www.montendre.se\/wp-content\/uploads\/2017\/09\/IMG_5682.jpg 1280w\" sizes=\"(max-width: 300px) 100vw, 300px\" \/><\/a><\/p>\n<p>Alla fem valn\u00f6tterna har nu l\u00e4mnat sina skal. Nu blir det torkning fram till jul.<\/p>\n<p><a href=\"https:\/\/www.montendre.se\/wp-content\/uploads\/2017\/09\/IMG_5677.jpg\"><img loading=\"lazy\" decoding=\"async\" class=\"aligncenter size-medium wp-image-3224\" src=\"https:\/\/www.montendre.se\/wp-content\/uploads\/2017\/09\/IMG_5677-300x225.jpg\" alt=\"IMG_5677\" width=\"300\" height=\"225\" srcset=\"https:\/\/www.montendre.se\/wp-content\/uploads\/2017\/09\/IMG_5677-300x225.jpg 300w, https:\/\/www.montendre.se\/wp-content\/uploads\/2017\/09\/IMG_5677-1024x768.jpg 1024w, https:\/\/www.montendre.se\/wp-content\/uploads\/2017\/09\/IMG_5677-268x200.jpg 268w, https:\/\/www.montendre.se\/wp-content\/uploads\/2017\/09\/IMG_5677-700x525.jpg 700w, https:\/\/www.montendre.se\/wp-content\/uploads\/2017\/09\/IMG_5677.jpg 1280w\" sizes=\"(max-width: 300px) 100vw, 300px\" \/><\/a><\/p>\n<p>De gr\u00f6na druvorna \u00e4r det gott om. Och otroligt kompakta klasar som det knappt g\u00e5r att ta en druva fr\u00e5n. Sm\u00e5 men goda.<\/p>\n<p><a href=\"https:\/\/www.montendre.se\/wp-content\/uploads\/2017\/09\/IMG_5675.jpg\"><img loading=\"lazy\" decoding=\"async\" class=\"aligncenter size-medium wp-image-3225\" src=\"https:\/\/www.montendre.se\/wp-content\/uploads\/2017\/09\/IMG_5675-225x300.jpg\" alt=\"IMG_5675\" width=\"225\" height=\"300\" srcset=\"https:\/\/www.montendre.se\/wp-content\/uploads\/2017\/09\/IMG_5675-225x300.jpg 225w, https:\/\/www.montendre.se\/wp-content\/uploads\/2017\/09\/IMG_5675-768x1024.jpg 768w, https:\/\/www.montendre.se\/wp-content\/uploads\/2017\/09\/IMG_5675-700x933.jpg 700w, https:\/\/www.montendre.se\/wp-content\/uploads\/2017\/09\/IMG_5675.jpg 960w\" sizes=\"(max-width: 225px) 100vw, 225px\" \/><\/a><\/p>\n<p>Middag hemma.<\/p>\n<p>&nbsp;<\/p>\n","protected":false},"excerpt":{"rendered":"<p>B\u00e4ttre v\u00e4der idag. En hel del sol men n\u00e5gra enstaka skurar, 20 grader. Fortsatt kakla och hunnit klart med allt utom det n\u00e4rmast taket (d\u00e4r jag m\u00e5ste v\u00e4nta till taket \u00e4r p\u00e5 plats) och socklarna. Provat att s\u00e4tta upp ett par reglar i taket f\u00f6r gipsskivorna. Alla fem valn\u00f6tterna har &#8230;<\/p>\n","protected":false},"author":1,"featured_media":0,"comment_status":"open","ping_status":"open","sticky":false,"template":"","format":"standard","meta":{"jetpack_post_was_ever_published":false,"_jetpack_newsletter_access":"","_jetpack_dont_email_post_to_subs":false,"_jetpack_newsletter_tier_id":0,"footnotes":""},"categories":[47],"tags":[],"jetpack_sharing_enabled":true,"jetpack_featured_media_url":"","_links":{"self":[{"href":"https:\/\/www.montendre.se\/index.php?rest_route=\/wp\/v2\/posts\/3220"}],"collection":[{"href":"https:\/\/www.montendre.se\/index.php?rest_route=\/wp\/v2\/posts"}],"about":[{"href":"https:\/\/www.montendre.se\/index.php?rest_route=\/wp\/v2\/types\/post"}],"author":[{"embeddable":true,"href":"https:\/\/www.montendre.se\/index.php?rest_route=\/wp\/v2\/users\/1"}],"replies":[{"embeddable":true,"href":"https:\/\/www.montendre.se\/index.php?rest_route=%2Fwp%2Fv2%2Fcomments&post=3220"}],"version-history":[{"count":2,"href":"https:\/\/www.montendre.se\/index.php?rest_route=\/wp\/v2\/posts\/3220\/revisions"}],"predecessor-version":[{"id":3226,"href":"https:\/\/www.montendre.se\/index.php?rest_route=\/wp\/v2\/posts\/3220\/revisions\/3226"}],"wp:attachment":[{"href":"https:\/\/www.montendre.se\/index.php?rest_route=%2Fwp%2Fv2%2Fmedia&parent=3220"}],"wp:term":[{"taxonomy":"category","embeddable":true,"href":"https:\/\/www.montendre.se\/index.php?rest_route=%2Fwp%2Fv2%2Fcategories&post=3220"},{"taxonomy":"post_tag","embeddable":true,"href":"https:\/\/www.montendre.se\/index.php?rest_route=%2Fwp%2Fv2%2Ftags&post=3220"}],"curies":[{"name":"wp","href":"https:\/\/api.w.org\/{rel}","templated":true}]}}