{"id":3203,"date":"2017-09-09T23:35:49","date_gmt":"2017-09-09T21:35:49","guid":{"rendered":"https:\/\/www.montendre.se\/?p=3203"},"modified":"2017-09-09T23:35:49","modified_gmt":"2017-09-09T21:35:49","slug":"9-september-2017","status":"publish","type":"post","link":"https:\/\/www.montendre.se\/?p=3203","title":{"rendered":"9 september 2017"},"content":{"rendered":"<p>Regnat mycket i natt, runt 25 mm. Det \u00e4r bra f\u00f6r det har varit v\u00e4ldigt torrt i juli och augusti. De 8 f\u00f6rsta dagarna i september har det regnat lika mycket som hela juli och augusti tillsammans.<\/p>\n<p>Blev lite gr\u00f6nare i tr\u00e4dg\u00e5rden efter regnet k\u00e4nns det som.<\/p>\n<p><a href=\"https:\/\/www.montendre.se\/wp-content\/uploads\/2017\/09\/IMG_5655.jpg\"><img loading=\"lazy\" decoding=\"async\" class=\"aligncenter size-medium wp-image-3205\" src=\"https:\/\/www.montendre.se\/wp-content\/uploads\/2017\/09\/IMG_5655-300x225.jpg\" alt=\"IMG_5655\" width=\"300\" height=\"225\" srcset=\"https:\/\/www.montendre.se\/wp-content\/uploads\/2017\/09\/IMG_5655-300x225.jpg 300w, https:\/\/www.montendre.se\/wp-content\/uploads\/2017\/09\/IMG_5655-1024x768.jpg 1024w, https:\/\/www.montendre.se\/wp-content\/uploads\/2017\/09\/IMG_5655-268x200.jpg 268w, https:\/\/www.montendre.se\/wp-content\/uploads\/2017\/09\/IMG_5655-700x525.jpg 700w, https:\/\/www.montendre.se\/wp-content\/uploads\/2017\/09\/IMG_5655.jpg 1280w\" sizes=\"(max-width: 300px) 100vw, 300px\" \/><\/a><\/p>\n<p>Varit omv\u00e4xlande sol och h\u00e4ftigt regn hela dagen. S\u00e5 vi har sprungit fram och tillbaka.<\/p>\n<p>En valn\u00f6t hade mognat klart och ramlat ned p\u00e5 marken. Skalet spricker upp helt d\u00e5.<\/p>\n<p><a href=\"https:\/\/www.montendre.se\/wp-content\/uploads\/2017\/09\/IMG_5656.jpg\"><img loading=\"lazy\" decoding=\"async\" class=\"aligncenter size-medium wp-image-3206\" src=\"https:\/\/www.montendre.se\/wp-content\/uploads\/2017\/09\/IMG_5656-300x225.jpg\" alt=\"IMG_5656\" width=\"300\" height=\"225\" srcset=\"https:\/\/www.montendre.se\/wp-content\/uploads\/2017\/09\/IMG_5656-300x225.jpg 300w, https:\/\/www.montendre.se\/wp-content\/uploads\/2017\/09\/IMG_5656-1024x768.jpg 1024w, https:\/\/www.montendre.se\/wp-content\/uploads\/2017\/09\/IMG_5656-268x200.jpg 268w, https:\/\/www.montendre.se\/wp-content\/uploads\/2017\/09\/IMG_5656-700x525.jpg 700w, https:\/\/www.montendre.se\/wp-content\/uploads\/2017\/09\/IMG_5656.jpg 1280w\" sizes=\"(max-width: 300px) 100vw, 300px\" \/><\/a><\/p>\n<p>Jag har gjort i ordning ett testomr\u00e5de till f\u00f6r gr\u00e4ss\u00e5dd. Det h\u00e4r omr\u00e5det \u00e4r indelat i tre: gemensamt f\u00f6r alla tre \u00e4r att jag tog bort allt gammalt ogr\u00e4s ungef\u00e4r 10 cm ner. Sedan har ny jord blandats in i alla tre delar. Men de tv\u00e5 l\u00e4ngst bort har f\u00e5tt mer jord p\u00e5 sig efter gr\u00e4ss\u00e5dden. Och det allra l\u00e4ngst bort har jag ocks\u00e5 packat efter\u00e5t genom att g\u00e5 p\u00e5 det. Delen n\u00e4rmast har jag bara str\u00f6tt ut gr\u00e4sfr\u00f6na p\u00e5 utan att lagt p\u00e5 mer jord efter\u00e5t.<\/p>\n<p><a href=\"https:\/\/www.montendre.se\/wp-content\/uploads\/2017\/09\/IMG_5663.jpg\"><img loading=\"lazy\" decoding=\"async\" class=\"aligncenter size-medium wp-image-3207\" src=\"https:\/\/www.montendre.se\/wp-content\/uploads\/2017\/09\/IMG_5663-225x300.jpg\" alt=\"IMG_5663\" width=\"225\" height=\"300\" srcset=\"https:\/\/www.montendre.se\/wp-content\/uploads\/2017\/09\/IMG_5663-225x300.jpg 225w, https:\/\/www.montendre.se\/wp-content\/uploads\/2017\/09\/IMG_5663-768x1024.jpg 768w, https:\/\/www.montendre.se\/wp-content\/uploads\/2017\/09\/IMG_5663-700x933.jpg 700w, https:\/\/www.montendre.se\/wp-content\/uploads\/2017\/09\/IMG_5663.jpg 960w\" sizes=\"(max-width: 225px) 100vw, 225px\" \/><\/a><\/p>\n<p>Det var v\u00e4ldigt m\u00e5nga stora spindlar som levde i jorden och alla bar p\u00e5 en slags vit kula. Antar att det \u00e4r \u00e4gg eller ungar i den.<\/p>\n<p><a href=\"https:\/\/www.montendre.se\/wp-content\/uploads\/2017\/09\/IMG_5659.jpg\"><img loading=\"lazy\" decoding=\"async\" class=\"aligncenter size-medium wp-image-3209\" src=\"https:\/\/www.montendre.se\/wp-content\/uploads\/2017\/09\/IMG_5659-300x225.jpg\" alt=\"IMG_5659\" width=\"300\" height=\"225\" srcset=\"https:\/\/www.montendre.se\/wp-content\/uploads\/2017\/09\/IMG_5659-300x225.jpg 300w, https:\/\/www.montendre.se\/wp-content\/uploads\/2017\/09\/IMG_5659-1024x768.jpg 1024w, https:\/\/www.montendre.se\/wp-content\/uploads\/2017\/09\/IMG_5659-268x200.jpg 268w, https:\/\/www.montendre.se\/wp-content\/uploads\/2017\/09\/IMG_5659-700x525.jpg 700w, https:\/\/www.montendre.se\/wp-content\/uploads\/2017\/09\/IMG_5659.jpg 1280w\" sizes=\"(max-width: 300px) 100vw, 300px\" \/><\/a><\/p>\n<p>F\u00f6rr\u00e4tt\u00a0hemma och sedan aperitif hos No\u00ebl som varade \u00e4nda till 23.30 s\u00e5 det blev som en middag.<\/p>\n","protected":false},"excerpt":{"rendered":"<p>Regnat mycket i natt, runt 25 mm. Det \u00e4r bra f\u00f6r det har varit v\u00e4ldigt torrt i juli och augusti. De 8 f\u00f6rsta dagarna i september har det regnat lika mycket som hela juli och augusti tillsammans. Blev lite gr\u00f6nare i tr\u00e4dg\u00e5rden efter regnet k\u00e4nns det som. Varit omv\u00e4xlande sol &#8230;<\/p>\n","protected":false},"author":1,"featured_media":0,"comment_status":"open","ping_status":"open","sticky":false,"template":"","format":"standard","meta":{"jetpack_post_was_ever_published":false,"_jetpack_newsletter_access":"","_jetpack_dont_email_post_to_subs":false,"_jetpack_newsletter_tier_id":0,"footnotes":""},"categories":[47],"tags":[],"jetpack_sharing_enabled":true,"jetpack_featured_media_url":"","_links":{"self":[{"href":"https:\/\/www.montendre.se\/index.php?rest_route=\/wp\/v2\/posts\/3203"}],"collection":[{"href":"https:\/\/www.montendre.se\/index.php?rest_route=\/wp\/v2\/posts"}],"about":[{"href":"https:\/\/www.montendre.se\/index.php?rest_route=\/wp\/v2\/types\/post"}],"author":[{"embeddable":true,"href":"https:\/\/www.montendre.se\/index.php?rest_route=\/wp\/v2\/users\/1"}],"replies":[{"embeddable":true,"href":"https:\/\/www.montendre.se\/index.php?rest_route=%2Fwp%2Fv2%2Fcomments&post=3203"}],"version-history":[{"count":3,"href":"https:\/\/www.montendre.se\/index.php?rest_route=\/wp\/v2\/posts\/3203\/revisions"}],"predecessor-version":[{"id":3211,"href":"https:\/\/www.montendre.se\/index.php?rest_route=\/wp\/v2\/posts\/3203\/revisions\/3211"}],"wp:attachment":[{"href":"https:\/\/www.montendre.se\/index.php?rest_route=%2Fwp%2Fv2%2Fmedia&parent=3203"}],"wp:term":[{"taxonomy":"category","embeddable":true,"href":"https:\/\/www.montendre.se\/index.php?rest_route=%2Fwp%2Fv2%2Fcategories&post=3203"},{"taxonomy":"post_tag","embeddable":true,"href":"https:\/\/www.montendre.se\/index.php?rest_route=%2Fwp%2Fv2%2Ftags&post=3203"}],"curies":[{"name":"wp","href":"https:\/\/api.w.org\/{rel}","templated":true}]}}