{"id":319,"date":"2013-01-10T12:10:20","date_gmt":"2013-01-10T11:10:20","guid":{"rendered":"http:\/\/www.montendre.se\/?p=319"},"modified":"2013-07-17T14:56:04","modified_gmt":"2013-07-17T12:56:04","slug":"9-januari-2013","status":"publish","type":"post","link":"https:\/\/www.montendre.se\/?p=319","title":{"rendered":"9 januari 2013"},"content":{"rendered":"<p>Kallt i huset \u00e4r det. P\u00e5 tisdagen lyckades jag f\u00e5 upp temperaturen till 13 grader i k\u00f6k och matrum. P\u00e5 onsdagen kom det upp i drygt 16. Och utomhus \u00e4r det runt 6-7 grader och gr\u00e5tt och fuktigt. Otroligt gr\u00f6nt i tr\u00e4dg\u00e5rden men det \u00e4r v\u00e4l mest mossa.<\/p>\n<p>Georges har gr\u00e4vt upp ny del i landet och planterat vitl\u00f6k och schalottenl\u00f6k.<\/p>\n<p><a href=\"http:\/\/www.montendre.se\/wp-content\/uploads\/2013\/01\/IMG_2393.jpg\"><img loading=\"lazy\" decoding=\"async\" class=\"aligncenter size-medium wp-image-320\" title=\"IMG_2393\" src=\"http:\/\/www.montendre.se\/wp-content\/uploads\/2013\/01\/IMG_2393-225x300.jpg\" alt=\"\" width=\"225\" height=\"300\" srcset=\"https:\/\/www.montendre.se\/wp-content\/uploads\/2013\/01\/IMG_2393-225x300.jpg 225w, https:\/\/www.montendre.se\/wp-content\/uploads\/2013\/01\/IMG_2393-768x1024.jpg 768w, https:\/\/www.montendre.se\/wp-content\/uploads\/2013\/01\/IMG_2393-700x933.jpg 700w\" sizes=\"(max-width: 225px) 100vw, 225px\" \/><\/a><\/p>\n<p>Hasseln blommar?!<\/p>\n<p><a href=\"http:\/\/www.montendre.se\/wp-content\/uploads\/2013\/01\/IMG_2394.jpg\"><img loading=\"lazy\" decoding=\"async\" class=\"aligncenter size-medium wp-image-321\" title=\"IMG_2394\" src=\"http:\/\/www.montendre.se\/wp-content\/uploads\/2013\/01\/IMG_2394-300x225.jpg\" alt=\"\" width=\"300\" height=\"225\" srcset=\"https:\/\/www.montendre.se\/wp-content\/uploads\/2013\/01\/IMG_2394-300x225.jpg 300w, https:\/\/www.montendre.se\/wp-content\/uploads\/2013\/01\/IMG_2394-1024x768.jpg 1024w, https:\/\/www.montendre.se\/wp-content\/uploads\/2013\/01\/IMG_2394-268x200.jpg 268w, https:\/\/www.montendre.se\/wp-content\/uploads\/2013\/01\/IMG_2394-700x525.jpg 700w\" sizes=\"(max-width: 300px) 100vw, 300px\" \/><\/a><\/p>\n<p>P\u00e5 f\u00f6rmiddagen \u00e5kte jag upp till Skattekontoret i Jonzac f\u00f6r att kolla varf\u00f6r vi inte f\u00e5tt inbetalningskort f\u00f6r kommunalskatten. De trodde att huset fortfarande var obeboeligt och d\u00e5 \u00e4r man ju befriad fr\u00e5n\u00a0kommunalskatt. Nu ska vi f\u00e5 betala i alla fall.<\/p>\n<p>Fixade med min &#8221;el-fj\u00e4rrkontroll&#8221;. Nu kan jag styra vissa el kontakter hemifr\u00e5n Sverige m.h.a. Raspberryn och en NEXA fj\u00e4rrstr\u00f6mbrytare.<\/p>\n<p>Sedan f\u00f6rberedde jag f\u00f6r att riva ner tapeten i hallen (utanf\u00f6r toan\/trappen). Tog ner f\u00f6rsta lagret och bl\u00f6tte p\u00e5 n\u00e4sta lager.<\/p>\n<p><a href=\"http:\/\/www.montendre.se\/wp-content\/uploads\/2013\/01\/IMG_23951.jpg\"><img loading=\"lazy\" decoding=\"async\" class=\"aligncenter size-medium wp-image-324\" title=\"IMG_2395\" src=\"http:\/\/www.montendre.se\/wp-content\/uploads\/2013\/01\/IMG_23951-300x225.jpg\" alt=\"\" width=\"300\" height=\"225\" srcset=\"https:\/\/www.montendre.se\/wp-content\/uploads\/2013\/01\/IMG_23951-300x225.jpg 300w, https:\/\/www.montendre.se\/wp-content\/uploads\/2013\/01\/IMG_23951-1024x768.jpg 1024w, https:\/\/www.montendre.se\/wp-content\/uploads\/2013\/01\/IMG_23951-268x200.jpg 268w, https:\/\/www.montendre.se\/wp-content\/uploads\/2013\/01\/IMG_23951-700x525.jpg 700w\" sizes=\"(max-width: 300px) 100vw, 300px\" \/><\/a><a href=\"http:\/\/www.montendre.se\/wp-content\/uploads\/2013\/01\/IMG_2397.jpg\"><img loading=\"lazy\" decoding=\"async\" class=\"aligncenter size-medium wp-image-325\" title=\"IMG_2397\" src=\"http:\/\/www.montendre.se\/wp-content\/uploads\/2013\/01\/IMG_2397-300x225.jpg\" alt=\"\" width=\"300\" height=\"225\" srcset=\"https:\/\/www.montendre.se\/wp-content\/uploads\/2013\/01\/IMG_2397-300x225.jpg 300w, https:\/\/www.montendre.se\/wp-content\/uploads\/2013\/01\/IMG_2397-1024x768.jpg 1024w, https:\/\/www.montendre.se\/wp-content\/uploads\/2013\/01\/IMG_2397-268x200.jpg 268w, https:\/\/www.montendre.se\/wp-content\/uploads\/2013\/01\/IMG_2397-700x525.jpg 700w\" sizes=\"(max-width: 300px) 100vw, 300px\" \/><\/a><\/p>\n<p>\u00c5kte till Blaye p\u00e5 kv\u00e4llen och kollade i vinbutiken och t\u00e4nkte \u00e4ta p\u00e5 &#8221;Auberge du Porche&#8221; men d\u00e4r var det st\u00e4ngt. \u00c5kte hem och k\u00e4kade p\u00e5 baren i byn i st\u00e4llet.<\/p>\n","protected":false},"excerpt":{"rendered":"<p>Kallt i huset \u00e4r det. P\u00e5 tisdagen lyckades jag f\u00e5 upp temperaturen till 13 grader i k\u00f6k och matrum. P\u00e5 onsdagen kom det upp i drygt 16. Och utomhus \u00e4r det runt 6-7 grader och gr\u00e5tt och fuktigt. Otroligt gr\u00f6nt i tr\u00e4dg\u00e5rden men det \u00e4r v\u00e4l mest mossa. Georges har &#8230;<\/p>\n","protected":false},"author":1,"featured_media":0,"comment_status":"open","ping_status":"open","sticky":false,"template":"","format":"standard","meta":{"jetpack_post_was_ever_published":false,"_jetpack_newsletter_access":"","_jetpack_dont_email_post_to_subs":false,"_jetpack_newsletter_tier_id":0,"footnotes":""},"categories":[8],"tags":[],"jetpack_sharing_enabled":true,"jetpack_featured_media_url":"","_links":{"self":[{"href":"https:\/\/www.montendre.se\/index.php?rest_route=\/wp\/v2\/posts\/319"}],"collection":[{"href":"https:\/\/www.montendre.se\/index.php?rest_route=\/wp\/v2\/posts"}],"about":[{"href":"https:\/\/www.montendre.se\/index.php?rest_route=\/wp\/v2\/types\/post"}],"author":[{"embeddable":true,"href":"https:\/\/www.montendre.se\/index.php?rest_route=\/wp\/v2\/users\/1"}],"replies":[{"embeddable":true,"href":"https:\/\/www.montendre.se\/index.php?rest_route=%2Fwp%2Fv2%2Fcomments&post=319"}],"version-history":[{"count":6,"href":"https:\/\/www.montendre.se\/index.php?rest_route=\/wp\/v2\/posts\/319\/revisions"}],"predecessor-version":[{"id":638,"href":"https:\/\/www.montendre.se\/index.php?rest_route=\/wp\/v2\/posts\/319\/revisions\/638"}],"wp:attachment":[{"href":"https:\/\/www.montendre.se\/index.php?rest_route=%2Fwp%2Fv2%2Fmedia&parent=319"}],"wp:term":[{"taxonomy":"category","embeddable":true,"href":"https:\/\/www.montendre.se\/index.php?rest_route=%2Fwp%2Fv2%2Fcategories&post=319"},{"taxonomy":"post_tag","embeddable":true,"href":"https:\/\/www.montendre.se\/index.php?rest_route=%2Fwp%2Fv2%2Ftags&post=319"}],"curies":[{"name":"wp","href":"https:\/\/api.w.org\/{rel}","templated":true}]}}