{"id":3169,"date":"2017-09-05T19:35:58","date_gmt":"2017-09-05T17:35:58","guid":{"rendered":"https:\/\/www.montendre.se\/?p=3169"},"modified":"2017-09-05T19:37:21","modified_gmt":"2017-09-05T17:37:21","slug":"5-september-2017","status":"publish","type":"post","link":"https:\/\/www.montendre.se\/?p=3169","title":{"rendered":"5 september 2017"},"content":{"rendered":"<p>V\u00e4xlande molnighet och n\u00e5gra korta regnskurar. Upp mot 23 grader.<\/p>\n<p>Har kaklat klart v\u00e4ggen mot Martine och f\u00f6rberett f\u00f6r kakling p\u00e5 hallv\u00e4ggen med en skena f\u00f6r f\u00f6rsta raden.<\/p>\n<p><a href=\"https:\/\/www.montendre.se\/wp-content\/uploads\/2017\/09\/IMG_5625.jpg\"><img loading=\"lazy\" decoding=\"async\" class=\"aligncenter size-medium wp-image-3172\" src=\"https:\/\/www.montendre.se\/wp-content\/uploads\/2017\/09\/IMG_5625-225x300.jpg\" alt=\"IMG_5625\" width=\"225\" height=\"300\" srcset=\"https:\/\/www.montendre.se\/wp-content\/uploads\/2017\/09\/IMG_5625-225x300.jpg 225w, https:\/\/www.montendre.se\/wp-content\/uploads\/2017\/09\/IMG_5625-768x1024.jpg 768w, https:\/\/www.montendre.se\/wp-content\/uploads\/2017\/09\/IMG_5625-700x933.jpg 700w, https:\/\/www.montendre.se\/wp-content\/uploads\/2017\/09\/IMG_5625.jpg 960w\" sizes=\"(max-width: 225px) 100vw, 225px\" \/><\/a><\/p>\n<p><a href=\"https:\/\/www.montendre.se\/wp-content\/uploads\/2017\/09\/IMG_5628.jpg\"><img loading=\"lazy\" decoding=\"async\" class=\"aligncenter size-medium wp-image-3173\" src=\"https:\/\/www.montendre.se\/wp-content\/uploads\/2017\/09\/IMG_5628-300x225.jpg\" alt=\"IMG_5628\" width=\"300\" height=\"225\" srcset=\"https:\/\/www.montendre.se\/wp-content\/uploads\/2017\/09\/IMG_5628-300x225.jpg 300w, https:\/\/www.montendre.se\/wp-content\/uploads\/2017\/09\/IMG_5628-1024x768.jpg 1024w, https:\/\/www.montendre.se\/wp-content\/uploads\/2017\/09\/IMG_5628-268x200.jpg 268w, https:\/\/www.montendre.se\/wp-content\/uploads\/2017\/09\/IMG_5628-700x525.jpg 700w, https:\/\/www.montendre.se\/wp-content\/uploads\/2017\/09\/IMG_5628.jpg 1280w\" sizes=\"(max-width: 300px) 100vw, 300px\" \/><\/a><\/p>\n<p>Elektrikern kom vid nio som avtalat. Hans son (tror jag det var) b\u00f6rjade gr\u00e4va och p\u00e5 eftermiddagen var b\u00e5da h\u00e4r och gr\u00e4vde. De forts\u00e4tter i morgon.<\/p>\n<p><a href=\"https:\/\/www.montendre.se\/wp-content\/uploads\/2017\/09\/IMG_5627.jpg\"><img loading=\"lazy\" decoding=\"async\" class=\"aligncenter size-medium wp-image-3174\" src=\"https:\/\/www.montendre.se\/wp-content\/uploads\/2017\/09\/IMG_5627-225x300.jpg\" alt=\"IMG_5627\" width=\"225\" height=\"300\" srcset=\"https:\/\/www.montendre.se\/wp-content\/uploads\/2017\/09\/IMG_5627-225x300.jpg 225w, https:\/\/www.montendre.se\/wp-content\/uploads\/2017\/09\/IMG_5627-768x1024.jpg 768w, https:\/\/www.montendre.se\/wp-content\/uploads\/2017\/09\/IMG_5627-700x933.jpg 700w, https:\/\/www.montendre.se\/wp-content\/uploads\/2017\/09\/IMG_5627.jpg 960w\" sizes=\"(max-width: 225px) 100vw, 225px\" \/><\/a>Jag har gjort ett experiment med gr\u00e4ss\u00e5dd. Tv\u00e5 sektioner d\u00e4r den v\u00e4nstra \u00e4r lite mer f\u00f6rberedd med ny k\u00f6pejord och jord fr\u00e5n komposten medan p\u00e5 den h\u00f6gra sl\u00e4ngde jag ut gr\u00e4sfr\u00f6na direkt p\u00e5 marken utan f\u00f6rberedelse. (Pinnarna markerar sektionerna.)<\/p>\n<p><a href=\"https:\/\/www.montendre.se\/wp-content\/uploads\/2017\/09\/IMG_5620.jpg\"><img loading=\"lazy\" decoding=\"async\" class=\"aligncenter size-medium wp-image-3175\" src=\"https:\/\/www.montendre.se\/wp-content\/uploads\/2017\/09\/IMG_5620-300x225.jpg\" alt=\"IMG_5620\" width=\"300\" height=\"225\" srcset=\"https:\/\/www.montendre.se\/wp-content\/uploads\/2017\/09\/IMG_5620-300x225.jpg 300w, https:\/\/www.montendre.se\/wp-content\/uploads\/2017\/09\/IMG_5620-1024x768.jpg 1024w, https:\/\/www.montendre.se\/wp-content\/uploads\/2017\/09\/IMG_5620-268x200.jpg 268w, https:\/\/www.montendre.se\/wp-content\/uploads\/2017\/09\/IMG_5620-700x525.jpg 700w, https:\/\/www.montendre.se\/wp-content\/uploads\/2017\/09\/IMG_5620.jpg 1280w\" sizes=\"(max-width: 300px) 100vw, 300px\" \/><\/a><\/p>\n<p>N\u00e4r jag s\u00e5tt gr\u00e4sfr\u00f6na str\u00f6dde jag ut ett tunt skikt med ny jord p\u00e5 b\u00e5da sektionerna. Och vattnade.<\/p>\n<p><a href=\"https:\/\/www.montendre.se\/wp-content\/uploads\/2017\/09\/IMG_5623.jpg\"><img loading=\"lazy\" decoding=\"async\" class=\"aligncenter size-medium wp-image-3176\" src=\"https:\/\/www.montendre.se\/wp-content\/uploads\/2017\/09\/IMG_5623-300x225.jpg\" alt=\"IMG_5623\" width=\"300\" height=\"225\" srcset=\"https:\/\/www.montendre.se\/wp-content\/uploads\/2017\/09\/IMG_5623-300x225.jpg 300w, https:\/\/www.montendre.se\/wp-content\/uploads\/2017\/09\/IMG_5623-1024x768.jpg 1024w, https:\/\/www.montendre.se\/wp-content\/uploads\/2017\/09\/IMG_5623-268x200.jpg 268w, https:\/\/www.montendre.se\/wp-content\/uploads\/2017\/09\/IMG_5623-700x525.jpg 700w, https:\/\/www.montendre.se\/wp-content\/uploads\/2017\/09\/IMG_5623.jpg 1280w\" sizes=\"(max-width: 300px) 100vw, 300px\" \/><\/a><\/p>\n<p>F\u00e5r vi se hur det g\u00e5r. L\u00e4gst odds (runt 1.01) har utfallet att b\u00e5da sektionerna \u00e4r fulla av ogr\u00e4s n\u00e4sta g\u00e5ng vi kommer ner \ud83d\ude42<\/p>\n<p>Middag hemma.<\/p>\n","protected":false},"excerpt":{"rendered":"<p>V\u00e4xlande molnighet och n\u00e5gra korta regnskurar. Upp mot 23 grader. Har kaklat klart v\u00e4ggen mot Martine och f\u00f6rberett f\u00f6r kakling p\u00e5 hallv\u00e4ggen med en skena f\u00f6r f\u00f6rsta raden. Elektrikern kom vid nio som avtalat. Hans son (tror jag det var) b\u00f6rjade gr\u00e4va och p\u00e5 eftermiddagen var b\u00e5da h\u00e4r och gr\u00e4vde. &#8230;<\/p>\n","protected":false},"author":1,"featured_media":0,"comment_status":"open","ping_status":"open","sticky":false,"template":"","format":"standard","meta":{"jetpack_post_was_ever_published":false,"_jetpack_newsletter_access":"","_jetpack_dont_email_post_to_subs":false,"_jetpack_newsletter_tier_id":0,"footnotes":""},"categories":[47],"tags":[],"jetpack_sharing_enabled":true,"jetpack_featured_media_url":"","_links":{"self":[{"href":"https:\/\/www.montendre.se\/index.php?rest_route=\/wp\/v2\/posts\/3169"}],"collection":[{"href":"https:\/\/www.montendre.se\/index.php?rest_route=\/wp\/v2\/posts"}],"about":[{"href":"https:\/\/www.montendre.se\/index.php?rest_route=\/wp\/v2\/types\/post"}],"author":[{"embeddable":true,"href":"https:\/\/www.montendre.se\/index.php?rest_route=\/wp\/v2\/users\/1"}],"replies":[{"embeddable":true,"href":"https:\/\/www.montendre.se\/index.php?rest_route=%2Fwp%2Fv2%2Fcomments&post=3169"}],"version-history":[{"count":6,"href":"https:\/\/www.montendre.se\/index.php?rest_route=\/wp\/v2\/posts\/3169\/revisions"}],"predecessor-version":[{"id":3180,"href":"https:\/\/www.montendre.se\/index.php?rest_route=\/wp\/v2\/posts\/3169\/revisions\/3180"}],"wp:attachment":[{"href":"https:\/\/www.montendre.se\/index.php?rest_route=%2Fwp%2Fv2%2Fmedia&parent=3169"}],"wp:term":[{"taxonomy":"category","embeddable":true,"href":"https:\/\/www.montendre.se\/index.php?rest_route=%2Fwp%2Fv2%2Fcategories&post=3169"},{"taxonomy":"post_tag","embeddable":true,"href":"https:\/\/www.montendre.se\/index.php?rest_route=%2Fwp%2Fv2%2Ftags&post=3169"}],"curies":[{"name":"wp","href":"https:\/\/api.w.org\/{rel}","templated":true}]}}