{"id":312,"date":"2013-01-08T21:11:37","date_gmt":"2013-01-08T20:11:37","guid":{"rendered":"http:\/\/www.montendre.se\/?p=312"},"modified":"2013-07-17T14:52:29","modified_gmt":"2013-07-17T12:52:29","slug":"8-jan","status":"publish","type":"post","link":"https:\/\/www.montendre.se\/?p=312","title":{"rendered":"8 Januari 2013"},"content":{"rendered":"<p>Strulig nerresa med sn\u00f6ov\u00e4der i Stockholm. Gick p\u00e5 planet i tid, men efter avisning av flygplanet blev vi st\u00e5ende i 1 timme och en kvart utan n\u00e5gon som helst info. Motorerna var ig\u00e5ng s\u00e5 man trodde ju att det snart var dags att lyfta. Sedan rullade planet ig\u00e5ng men bara f\u00f6r att k\u00f6ra till en slags parkeringsplats och d\u00e5 fick vi veta att avisningen m\u00e5ste g\u00f6ras om f\u00f6r att det hade g\u00e5tt f\u00f6r l\u00e5ng tid. Sedan skulle vi f\u00e5 lyfta. S\u00e5 d\u00e5 var det bara att v\u00e4nta p\u00e5 avisningsbilen igen&#8230; Kom fram 2 timmar sent till Paris och det betydde ju f\u00f6rst\u00e5s att jag missat min anslutning till Bordeaux. N\u00e4sta plan gick 3 timmar senare.<\/p>\n<p>Sedan rullade v\u00e4l allt p\u00e5. V\u00e4skan hade lyckats komma med samma plan som mig och jag fick en sprillans ny Peugeot 206. Typ 0km p\u00e5 m\u00e4taren.<\/p>\n<p>Hade bokat upp tid med snickare 16:00-17:00 p\u00e5 eftermiddagen men fick ringa och s\u00e4ga att jag blev lite sen.<\/p>\n<p>S\u00e5 n\u00e4r jag kom fram s\u00e5 kom jag inte in i huset! Nyckeln fungerade inte. Eller den fungerade v\u00e4l men d\u00f6rren har tydligen sv\u00e4lt s\u00e5 pass att n\u00e4r man vrider om nyckeln s\u00e5 h\u00e4nger inte l\u00e5set med riktigt. Fick det f\u00f6rklarat av Georges lite senare. Jag f\u00f6rs\u00f6kte g\u00e5 \u00f6ver till Georges men de var inte hemma. D\u00e5 precis kom andra grannarna hem (Jaques och Monique) och jag pratade lite med dem om min &#8221;bel\u00e4genhet&#8221;. De bj\u00f6d in mig och s\u00e5 ringde de Georges mobil (visste inte att de hade mobil). Inget svar. Tillbaka till huset f\u00f6r att k\u00e4mpa vidare med l\u00e5set eftersom snickaren snart skulle komma. Lyckades efter mycket besv\u00e4r f\u00e5 upp l\u00e5set.<\/p>\n<p>Georges kom lite senare och f\u00f6rklarade att problemet beror p\u00e5 att d\u00f6rren sv\u00e4ller n\u00e4r det \u00e4r s\u00e5 fuktigt. F\u00f6r en vecka sedan hade han g\u00e5tt in p\u00e5 morgonen som vanligt och \u00f6ppnat upp f\u00f6nsterluckorna men n\u00e4r han p\u00e5 kv\u00e4llen skulle g\u00e5 in och st\u00e4nga f\u00f6nsterluckorna kunde han inte \u00f6ppna d\u00f6rren. Han stod en timme och k\u00e4mpade, sedan krossade han en ruta i d\u00f6rren. Han ville ju absolut inte l\u00e4mna huset med f\u00f6nsterluckorna \u00f6ppna en natt. Sedan har han f\u00f6rst\u00e5s bytt ut rutan.<\/p>\n<p>S\u00e5 kom snickaren och tittade p\u00e5 golvet. Han ska \u00e5terkomma med pris i morgon men han tror att det landar p\u00e5 150-200\u20ac f\u00f6r att fixa golvet utanf\u00f6r toan och utanf\u00f6r gamla ing\u00e5ngen. Och han kan g\u00f6ra det p\u00e5 l\u00f6rdag tydligen. Verkar ju bra.<\/p>\n<p>I kv\u00e4ll har jag f\u00f6rberett borttagning av resterande tapeter i hallen h\u00e4r nere.<\/p>\n<p>Jag gick in en sv\u00e4ng till Georges och Lucette ocks\u00e5. Lucette gav mig nygjord gr\u00f6nssaksoppa att ta med hem. Hon tror v\u00e4l jag skulle sv\u00e4lta annars nu n\u00e4r inte L \u00e4r med \ud83d\ude09<\/p>\n<p><a href=\"http:\/\/www.montendre.se\/wp-content\/uploads\/2013\/01\/IMG_2392.jpg\"><img loading=\"lazy\" decoding=\"async\" class=\"aligncenter size-medium wp-image-314\" title=\"IMG_2392\" src=\"http:\/\/www.montendre.se\/wp-content\/uploads\/2013\/01\/IMG_2392-300x225.jpg\" alt=\"\" width=\"300\" height=\"225\" srcset=\"https:\/\/www.montendre.se\/wp-content\/uploads\/2013\/01\/IMG_2392-300x225.jpg 300w, https:\/\/www.montendre.se\/wp-content\/uploads\/2013\/01\/IMG_2392-1024x768.jpg 1024w, https:\/\/www.montendre.se\/wp-content\/uploads\/2013\/01\/IMG_2392-268x200.jpg 268w, https:\/\/www.montendre.se\/wp-content\/uploads\/2013\/01\/IMG_2392-700x525.jpg 700w\" sizes=\"(max-width: 300px) 100vw, 300px\" \/><\/a><\/p>\n<p>Gick f\u00f6rbi kommunhuset ocks\u00e5 f\u00f6r att fr\u00e5ga om &#8221;Taxe d&#8217;Habitation&#8221; som vi inte f\u00e5tt f\u00f6r 2012. Jag m\u00e5ste nog \u00e5ka upp till Skattekontoret i Jonzac f\u00f6r att reda ut det tyckte man h\u00e4r i Montendre.<\/p>\n<p>S\u00e5 har Creperiet mittemot La Quincaillerie\u00a0st\u00e4ngt igen. Trist faktiskt. Vi gick v\u00e4l inte dit tillr\u00e4ckligt ofta. De klarade sig drygt ett \u00e5r.<\/p>\n","protected":false},"excerpt":{"rendered":"<p>Strulig nerresa med sn\u00f6ov\u00e4der i Stockholm. Gick p\u00e5 planet i tid, men efter avisning av flygplanet blev vi st\u00e5ende i 1 timme och en kvart utan n\u00e5gon som helst info. Motorerna var ig\u00e5ng s\u00e5 man trodde ju att det snart var dags att lyfta. Sedan rullade planet ig\u00e5ng men bara &#8230;<\/p>\n","protected":false},"author":1,"featured_media":0,"comment_status":"open","ping_status":"open","sticky":false,"template":"","format":"standard","meta":{"jetpack_post_was_ever_published":false,"_jetpack_newsletter_access":"","_jetpack_dont_email_post_to_subs":false,"_jetpack_newsletter_tier_id":0,"footnotes":""},"categories":[8],"tags":[],"jetpack_sharing_enabled":true,"jetpack_featured_media_url":"","_links":{"self":[{"href":"https:\/\/www.montendre.se\/index.php?rest_route=\/wp\/v2\/posts\/312"}],"collection":[{"href":"https:\/\/www.montendre.se\/index.php?rest_route=\/wp\/v2\/posts"}],"about":[{"href":"https:\/\/www.montendre.se\/index.php?rest_route=\/wp\/v2\/types\/post"}],"author":[{"embeddable":true,"href":"https:\/\/www.montendre.se\/index.php?rest_route=\/wp\/v2\/users\/1"}],"replies":[{"embeddable":true,"href":"https:\/\/www.montendre.se\/index.php?rest_route=%2Fwp%2Fv2%2Fcomments&post=312"}],"version-history":[{"count":6,"href":"https:\/\/www.montendre.se\/index.php?rest_route=\/wp\/v2\/posts\/312\/revisions"}],"predecessor-version":[{"id":602,"href":"https:\/\/www.montendre.se\/index.php?rest_route=\/wp\/v2\/posts\/312\/revisions\/602"}],"wp:attachment":[{"href":"https:\/\/www.montendre.se\/index.php?rest_route=%2Fwp%2Fv2%2Fmedia&parent=312"}],"wp:term":[{"taxonomy":"category","embeddable":true,"href":"https:\/\/www.montendre.se\/index.php?rest_route=%2Fwp%2Fv2%2Fcategories&post=312"},{"taxonomy":"post_tag","embeddable":true,"href":"https:\/\/www.montendre.se\/index.php?rest_route=%2Fwp%2Fv2%2Ftags&post=312"}],"curies":[{"name":"wp","href":"https:\/\/api.w.org\/{rel}","templated":true}]}}