{"id":3114,"date":"2017-07-19T22:27:20","date_gmt":"2017-07-19T20:27:20","guid":{"rendered":"https:\/\/www.montendre.se\/?p=3114"},"modified":"2017-07-20T08:31:02","modified_gmt":"2017-07-20T06:31:02","slug":"19-juli-2017","status":"publish","type":"post","link":"https:\/\/www.montendre.se\/?p=3114","title":{"rendered":"19 juli 2017"},"content":{"rendered":"<p>S\u00e4mre v\u00e4der idag. Regn p\u00e5 morgonen och n\u00e5gra st\u00e4nk under dagen. 26 grader.<\/p>\n<p>Fixat med robotgr\u00e4sklipparen. K\u00f6rde en liten mini-provtur, bara begr\u00e4nsningskabeln utlagd \u00e4n s\u00e5 l\u00e4nge.<\/p>\n<p><a href=\"https:\/\/www.montendre.se\/wp-content\/uploads\/2017\/07\/IMG_5298.jpg\"><img loading=\"lazy\" decoding=\"async\" class=\"aligncenter size-medium wp-image-3115\" src=\"https:\/\/www.montendre.se\/wp-content\/uploads\/2017\/07\/IMG_5298-225x300.jpg\" alt=\"IMG_5298\" width=\"225\" height=\"300\" srcset=\"https:\/\/www.montendre.se\/wp-content\/uploads\/2017\/07\/IMG_5298-225x300.jpg 225w, https:\/\/www.montendre.se\/wp-content\/uploads\/2017\/07\/IMG_5298-768x1024.jpg 768w, https:\/\/www.montendre.se\/wp-content\/uploads\/2017\/07\/IMG_5298-700x933.jpg 700w, https:\/\/www.montendre.se\/wp-content\/uploads\/2017\/07\/IMG_5298.jpg 960w\" sizes=\"(max-width: 225px) 100vw, 225px\" \/><\/a><\/p>\n<p>Sedan utflykt till Blaye. Titt p\u00e5 citadellet och sedan mat p\u00e5 La Marina.<\/p>\n<p>Det var dans utomhus i Blaye. P\u00e5minde om bugg.<\/p>\n<p><a href=\"https:\/\/www.montendre.se\/wp-content\/uploads\/2017\/07\/IMG_5319.jpg\"><img loading=\"lazy\" decoding=\"async\" class=\"aligncenter size-medium wp-image-3116\" src=\"https:\/\/www.montendre.se\/wp-content\/uploads\/2017\/07\/IMG_5319-225x300.jpg\" alt=\"IMG_5319\" width=\"225\" height=\"300\" srcset=\"https:\/\/www.montendre.se\/wp-content\/uploads\/2017\/07\/IMG_5319-225x300.jpg 225w, https:\/\/www.montendre.se\/wp-content\/uploads\/2017\/07\/IMG_5319-768x1024.jpg 768w, https:\/\/www.montendre.se\/wp-content\/uploads\/2017\/07\/IMG_5319-700x933.jpg 700w, https:\/\/www.montendre.se\/wp-content\/uploads\/2017\/07\/IMG_5319.jpg 960w\" sizes=\"(max-width: 225px) 100vw, 225px\" \/><\/a><\/p>\n","protected":false},"excerpt":{"rendered":"<p>S\u00e4mre v\u00e4der idag. Regn p\u00e5 morgonen och n\u00e5gra st\u00e4nk under dagen. 26 grader. Fixat med robotgr\u00e4sklipparen. K\u00f6rde en liten mini-provtur, bara begr\u00e4nsningskabeln utlagd \u00e4n s\u00e5 l\u00e4nge. Sedan utflykt till Blaye. Titt p\u00e5 citadellet och sedan mat p\u00e5 La Marina. Det var dans utomhus i Blaye. P\u00e5minde om bugg.<\/p>\n","protected":false},"author":1,"featured_media":0,"comment_status":"open","ping_status":"open","sticky":false,"template":"","format":"standard","meta":{"jetpack_post_was_ever_published":false,"_jetpack_newsletter_access":"","_jetpack_dont_email_post_to_subs":false,"_jetpack_newsletter_tier_id":0,"footnotes":""},"categories":[46],"tags":[],"jetpack_sharing_enabled":true,"jetpack_featured_media_url":"","_links":{"self":[{"href":"https:\/\/www.montendre.se\/index.php?rest_route=\/wp\/v2\/posts\/3114"}],"collection":[{"href":"https:\/\/www.montendre.se\/index.php?rest_route=\/wp\/v2\/posts"}],"about":[{"href":"https:\/\/www.montendre.se\/index.php?rest_route=\/wp\/v2\/types\/post"}],"author":[{"embeddable":true,"href":"https:\/\/www.montendre.se\/index.php?rest_route=\/wp\/v2\/users\/1"}],"replies":[{"embeddable":true,"href":"https:\/\/www.montendre.se\/index.php?rest_route=%2Fwp%2Fv2%2Fcomments&post=3114"}],"version-history":[{"count":2,"href":"https:\/\/www.montendre.se\/index.php?rest_route=\/wp\/v2\/posts\/3114\/revisions"}],"predecessor-version":[{"id":3118,"href":"https:\/\/www.montendre.se\/index.php?rest_route=\/wp\/v2\/posts\/3114\/revisions\/3118"}],"wp:attachment":[{"href":"https:\/\/www.montendre.se\/index.php?rest_route=%2Fwp%2Fv2%2Fmedia&parent=3114"}],"wp:term":[{"taxonomy":"category","embeddable":true,"href":"https:\/\/www.montendre.se\/index.php?rest_route=%2Fwp%2Fv2%2Fcategories&post=3114"},{"taxonomy":"post_tag","embeddable":true,"href":"https:\/\/www.montendre.se\/index.php?rest_route=%2Fwp%2Fv2%2Ftags&post=3114"}],"curies":[{"name":"wp","href":"https:\/\/api.w.org\/{rel}","templated":true}]}}