{"id":3095,"date":"2017-07-13T21:50:15","date_gmt":"2017-07-13T19:50:15","guid":{"rendered":"https:\/\/www.montendre.se\/?p=3095"},"modified":"2017-07-13T21:50:45","modified_gmt":"2017-07-13T19:50:45","slug":"13-juli-2017","status":"publish","type":"post","link":"https:\/\/www.montendre.se\/?p=3095","title":{"rendered":"13 juli 2017"},"content":{"rendered":"<p>Mulet hela dagen. N\u00e5gra droppar regn d\u00e5 och d\u00e5. 24 grader som mest.<\/p>\n<p>Handlade mat p\u00e5 marknaden. St\u00e4mde tr\u00e4ff med elektriker som sedan kom och kolla p\u00e5 att dra el till garaget. Ska f\u00e5 offert p\u00e5 m\u00e5ndag eller tisdag.<\/p>\n<p>Kaklade ett par rader sedan b\u00f6rjade jag fixa med r\u00f6rgenomf\u00f6ringen f\u00f6r kommande rader.<\/p>\n<p><a href=\"https:\/\/www.montendre.se\/wp-content\/uploads\/2017\/07\/IMG_5280.jpg\"><img loading=\"lazy\" decoding=\"async\" class=\"aligncenter size-medium wp-image-3096\" src=\"https:\/\/www.montendre.se\/wp-content\/uploads\/2017\/07\/IMG_5280-225x300.jpg\" alt=\"IMG_5280\" width=\"225\" height=\"300\" srcset=\"https:\/\/www.montendre.se\/wp-content\/uploads\/2017\/07\/IMG_5280-225x300.jpg 225w, https:\/\/www.montendre.se\/wp-content\/uploads\/2017\/07\/IMG_5280-768x1024.jpg 768w, https:\/\/www.montendre.se\/wp-content\/uploads\/2017\/07\/IMG_5280-700x933.jpg 700w, https:\/\/www.montendre.se\/wp-content\/uploads\/2017\/07\/IMG_5280.jpg 960w\" sizes=\"(max-width: 225px) 100vw, 225px\" \/><\/a><\/p>\n<p>L har fortsatt med st\u00e4dandet och sedan \u00e4ven planterat blommor. Jag rensade lite ogr\u00e4s (br\u00e4nn\u00e4sslor, murgr\u00f6na och bj\u00f6rnb\u00e4r) p\u00e5 eftermiddagen.<\/p>\n<p>Ingen gr\u00e4sklippare idag heller. DHL kan inte svara p\u00e5 vad som h\u00e4nder. Mycket oklart n\u00e4r den kommer eller om den kommer. Har ringt 4-5 samtal och skickat 2-3 mail. Inga besked.<\/p>\n<p>Middag hemma.<\/p>\n","protected":false},"excerpt":{"rendered":"<p>Mulet hela dagen. N\u00e5gra droppar regn d\u00e5 och d\u00e5. 24 grader som mest. Handlade mat p\u00e5 marknaden. St\u00e4mde tr\u00e4ff med elektriker som sedan kom och kolla p\u00e5 att dra el till garaget. Ska f\u00e5 offert p\u00e5 m\u00e5ndag eller tisdag. Kaklade ett par rader sedan b\u00f6rjade jag fixa med r\u00f6rgenomf\u00f6ringen f\u00f6r &#8230;<\/p>\n","protected":false},"author":1,"featured_media":0,"comment_status":"open","ping_status":"open","sticky":false,"template":"","format":"standard","meta":{"jetpack_post_was_ever_published":false,"_jetpack_newsletter_access":"","_jetpack_dont_email_post_to_subs":false,"_jetpack_newsletter_tier_id":0,"footnotes":""},"categories":[46],"tags":[],"jetpack_sharing_enabled":true,"jetpack_featured_media_url":"","_links":{"self":[{"href":"https:\/\/www.montendre.se\/index.php?rest_route=\/wp\/v2\/posts\/3095"}],"collection":[{"href":"https:\/\/www.montendre.se\/index.php?rest_route=\/wp\/v2\/posts"}],"about":[{"href":"https:\/\/www.montendre.se\/index.php?rest_route=\/wp\/v2\/types\/post"}],"author":[{"embeddable":true,"href":"https:\/\/www.montendre.se\/index.php?rest_route=\/wp\/v2\/users\/1"}],"replies":[{"embeddable":true,"href":"https:\/\/www.montendre.se\/index.php?rest_route=%2Fwp%2Fv2%2Fcomments&post=3095"}],"version-history":[{"count":1,"href":"https:\/\/www.montendre.se\/index.php?rest_route=\/wp\/v2\/posts\/3095\/revisions"}],"predecessor-version":[{"id":3097,"href":"https:\/\/www.montendre.se\/index.php?rest_route=\/wp\/v2\/posts\/3095\/revisions\/3097"}],"wp:attachment":[{"href":"https:\/\/www.montendre.se\/index.php?rest_route=%2Fwp%2Fv2%2Fmedia&parent=3095"}],"wp:term":[{"taxonomy":"category","embeddable":true,"href":"https:\/\/www.montendre.se\/index.php?rest_route=%2Fwp%2Fv2%2Fcategories&post=3095"},{"taxonomy":"post_tag","embeddable":true,"href":"https:\/\/www.montendre.se\/index.php?rest_route=%2Fwp%2Fv2%2Ftags&post=3095"}],"curies":[{"name":"wp","href":"https:\/\/api.w.org\/{rel}","templated":true}]}}