{"id":3047,"date":"2017-06-16T20:19:54","date_gmt":"2017-06-16T18:19:54","guid":{"rendered":"https:\/\/www.montendre.se\/?p=3047"},"modified":"2017-06-16T20:19:54","modified_gmt":"2017-06-16T18:19:54","slug":"16-juni-2017","status":"publish","type":"post","link":"https:\/\/www.montendre.se\/?p=3047","title":{"rendered":"16 juni 2017"},"content":{"rendered":"<p>Soligt hela dagen. 28 grader p\u00e5 eftermiddagen.<\/p>\n<p>Klippte lite gr\u00e4s p\u00e5 f\u00f6rmiddagen innan det blev f\u00f6r varmt. Tog \u00e4ven lite h\u00e4ngande grenar p\u00e5 linden och rensade upp i odlingsl\u00e5dan. Beskar tomaterna r\u00e4tt kraftigt.<\/p>\n<p><a href=\"https:\/\/www.montendre.se\/wp-content\/uploads\/2017\/06\/IMG_5174.jpg\"><img loading=\"lazy\" decoding=\"async\" class=\"aligncenter size-medium wp-image-3050\" src=\"https:\/\/www.montendre.se\/wp-content\/uploads\/2017\/06\/IMG_5174-300x225.jpg\" alt=\"IMG_5174\" width=\"300\" height=\"225\" srcset=\"https:\/\/www.montendre.se\/wp-content\/uploads\/2017\/06\/IMG_5174-300x225.jpg 300w, https:\/\/www.montendre.se\/wp-content\/uploads\/2017\/06\/IMG_5174-1024x768.jpg 1024w, https:\/\/www.montendre.se\/wp-content\/uploads\/2017\/06\/IMG_5174-268x200.jpg 268w, https:\/\/www.montendre.se\/wp-content\/uploads\/2017\/06\/IMG_5174-700x525.jpg 700w, https:\/\/www.montendre.se\/wp-content\/uploads\/2017\/06\/IMG_5174.jpg 1280w\" sizes=\"(max-width: 300px) 100vw, 300px\" \/><\/a><\/p>\n<p>B\u00f6rjade kakla p\u00e5 eftermiddagen.<\/p>\n<p><a href=\"https:\/\/www.montendre.se\/wp-content\/uploads\/2017\/06\/IMG_5177.jpg\"><img loading=\"lazy\" decoding=\"async\" class=\"aligncenter size-medium wp-image-3051\" src=\"https:\/\/www.montendre.se\/wp-content\/uploads\/2017\/06\/IMG_5177-300x225.jpg\" alt=\"IMG_5177\" width=\"300\" height=\"225\" srcset=\"https:\/\/www.montendre.se\/wp-content\/uploads\/2017\/06\/IMG_5177-300x225.jpg 300w, https:\/\/www.montendre.se\/wp-content\/uploads\/2017\/06\/IMG_5177-1024x768.jpg 1024w, https:\/\/www.montendre.se\/wp-content\/uploads\/2017\/06\/IMG_5177-268x200.jpg 268w, https:\/\/www.montendre.se\/wp-content\/uploads\/2017\/06\/IMG_5177-700x525.jpg 700w, https:\/\/www.montendre.se\/wp-content\/uploads\/2017\/06\/IMG_5177.jpg 1280w\" sizes=\"(max-width: 300px) 100vw, 300px\" \/><\/a><\/p>\n<p>Middag hemma.<\/p>\n","protected":false},"excerpt":{"rendered":"<p>Soligt hela dagen. 28 grader p\u00e5 eftermiddagen. Klippte lite gr\u00e4s p\u00e5 f\u00f6rmiddagen innan det blev f\u00f6r varmt. Tog \u00e4ven lite h\u00e4ngande grenar p\u00e5 linden och rensade upp i odlingsl\u00e5dan. Beskar tomaterna r\u00e4tt kraftigt. B\u00f6rjade kakla p\u00e5 eftermiddagen. Middag hemma.<\/p>\n","protected":false},"author":1,"featured_media":0,"comment_status":"open","ping_status":"open","sticky":false,"template":"","format":"standard","meta":{"jetpack_post_was_ever_published":false,"_jetpack_newsletter_access":"","_jetpack_dont_email_post_to_subs":false,"_jetpack_newsletter_tier_id":0,"footnotes":""},"categories":[45],"tags":[],"jetpack_sharing_enabled":true,"jetpack_featured_media_url":"","_links":{"self":[{"href":"https:\/\/www.montendre.se\/index.php?rest_route=\/wp\/v2\/posts\/3047"}],"collection":[{"href":"https:\/\/www.montendre.se\/index.php?rest_route=\/wp\/v2\/posts"}],"about":[{"href":"https:\/\/www.montendre.se\/index.php?rest_route=\/wp\/v2\/types\/post"}],"author":[{"embeddable":true,"href":"https:\/\/www.montendre.se\/index.php?rest_route=\/wp\/v2\/users\/1"}],"replies":[{"embeddable":true,"href":"https:\/\/www.montendre.se\/index.php?rest_route=%2Fwp%2Fv2%2Fcomments&post=3047"}],"version-history":[{"count":3,"href":"https:\/\/www.montendre.se\/index.php?rest_route=\/wp\/v2\/posts\/3047\/revisions"}],"predecessor-version":[{"id":3052,"href":"https:\/\/www.montendre.se\/index.php?rest_route=\/wp\/v2\/posts\/3047\/revisions\/3052"}],"wp:attachment":[{"href":"https:\/\/www.montendre.se\/index.php?rest_route=%2Fwp%2Fv2%2Fmedia&parent=3047"}],"wp:term":[{"taxonomy":"category","embeddable":true,"href":"https:\/\/www.montendre.se\/index.php?rest_route=%2Fwp%2Fv2%2Fcategories&post=3047"},{"taxonomy":"post_tag","embeddable":true,"href":"https:\/\/www.montendre.se\/index.php?rest_route=%2Fwp%2Fv2%2Ftags&post=3047"}],"curies":[{"name":"wp","href":"https:\/\/api.w.org\/{rel}","templated":true}]}}