{"id":3010,"date":"2017-04-17T09:19:36","date_gmt":"2017-04-17T07:19:36","guid":{"rendered":"https:\/\/www.montendre.se\/?p=3010"},"modified":"2017-04-23T14:22:21","modified_gmt":"2017-04-23T12:22:21","slug":"17-april-2017","status":"publish","type":"post","link":"https:\/\/www.montendre.se\/?p=3010","title":{"rendered":"17 april 2017"},"content":{"rendered":"<p>Mest soligt. 19 grader som h\u00f6gst.<\/p>\n<p>Satte duschkaret p\u00e5 plats och b\u00f6rjade sedan kakla i utrymmet vid toan.<\/p>\n<p><a href=\"https:\/\/www.montendre.se\/wp-content\/uploads\/2017\/04\/IMG_5040.jpg\"><img loading=\"lazy\" decoding=\"async\" class=\"aligncenter size-medium wp-image-3013\" src=\"https:\/\/www.montendre.se\/wp-content\/uploads\/2017\/04\/IMG_5040-300x225.jpg\" alt=\"IMG_5040\" width=\"300\" height=\"225\" srcset=\"https:\/\/www.montendre.se\/wp-content\/uploads\/2017\/04\/IMG_5040-300x225.jpg 300w, https:\/\/www.montendre.se\/wp-content\/uploads\/2017\/04\/IMG_5040-268x200.jpg 268w, https:\/\/www.montendre.se\/wp-content\/uploads\/2017\/04\/IMG_5040.jpg 640w\" sizes=\"(max-width: 300px) 100vw, 300px\" \/><\/a><\/p>\n<p>Promenad i byn p\u00e5 eftermiddagen.<\/p>\n<p>Flera blommor i valn\u00f6tstr\u00e4det i \u00e5r.<\/p>\n<p><a href=\"https:\/\/www.montendre.se\/wp-content\/uploads\/2017\/04\/IMG_5043.jpg\"><img loading=\"lazy\" decoding=\"async\" class=\"aligncenter size-medium wp-image-3016\" src=\"https:\/\/www.montendre.se\/wp-content\/uploads\/2017\/04\/IMG_5043-300x225.jpg\" alt=\"IMG_5043\" width=\"300\" height=\"225\" srcset=\"https:\/\/www.montendre.se\/wp-content\/uploads\/2017\/04\/IMG_5043-300x225.jpg 300w, https:\/\/www.montendre.se\/wp-content\/uploads\/2017\/04\/IMG_5043-268x200.jpg 268w, https:\/\/www.montendre.se\/wp-content\/uploads\/2017\/04\/IMG_5043.jpg 640w\" sizes=\"(max-width: 300px) 100vw, 300px\" \/><\/a><\/p>\n<p>Middag hemma, pizza.<\/p>\n","protected":false},"excerpt":{"rendered":"<p>Mest soligt. 19 grader som h\u00f6gst. Satte duschkaret p\u00e5 plats och b\u00f6rjade sedan kakla i utrymmet vid toan. Promenad i byn p\u00e5 eftermiddagen. Flera blommor i valn\u00f6tstr\u00e4det i \u00e5r. Middag hemma, pizza.<\/p>\n","protected":false},"author":1,"featured_media":0,"comment_status":"open","ping_status":"open","sticky":false,"template":"","format":"standard","meta":{"jetpack_post_was_ever_published":false,"_jetpack_newsletter_access":"","_jetpack_dont_email_post_to_subs":false,"_jetpack_newsletter_tier_id":0,"footnotes":""},"categories":[44],"tags":[],"jetpack_sharing_enabled":true,"jetpack_featured_media_url":"","_links":{"self":[{"href":"https:\/\/www.montendre.se\/index.php?rest_route=\/wp\/v2\/posts\/3010"}],"collection":[{"href":"https:\/\/www.montendre.se\/index.php?rest_route=\/wp\/v2\/posts"}],"about":[{"href":"https:\/\/www.montendre.se\/index.php?rest_route=\/wp\/v2\/types\/post"}],"author":[{"embeddable":true,"href":"https:\/\/www.montendre.se\/index.php?rest_route=\/wp\/v2\/users\/1"}],"replies":[{"embeddable":true,"href":"https:\/\/www.montendre.se\/index.php?rest_route=%2Fwp%2Fv2%2Fcomments&post=3010"}],"version-history":[{"count":4,"href":"https:\/\/www.montendre.se\/index.php?rest_route=\/wp\/v2\/posts\/3010\/revisions"}],"predecessor-version":[{"id":3017,"href":"https:\/\/www.montendre.se\/index.php?rest_route=\/wp\/v2\/posts\/3010\/revisions\/3017"}],"wp:attachment":[{"href":"https:\/\/www.montendre.se\/index.php?rest_route=%2Fwp%2Fv2%2Fmedia&parent=3010"}],"wp:term":[{"taxonomy":"category","embeddable":true,"href":"https:\/\/www.montendre.se\/index.php?rest_route=%2Fwp%2Fv2%2Fcategories&post=3010"},{"taxonomy":"post_tag","embeddable":true,"href":"https:\/\/www.montendre.se\/index.php?rest_route=%2Fwp%2Fv2%2Ftags&post=3010"}],"curies":[{"name":"wp","href":"https:\/\/api.w.org\/{rel}","templated":true}]}}