{"id":2931,"date":"2017-02-25T21:51:00","date_gmt":"2017-02-25T20:51:00","guid":{"rendered":"http:\/\/www.montendre.se\/?p=2931"},"modified":"2017-02-25T21:54:43","modified_gmt":"2017-02-25T20:54:43","slug":"25-februari-2017","status":"publish","type":"post","link":"https:\/\/www.montendre.se\/?p=2931","title":{"rendered":"25 februari 2017"},"content":{"rendered":"<p>Soligt och varmt idag, drygt 15 grader p\u00e5 eftermiddagen.<\/p>\n<p>Jag har fortsatt bygga duschv\u00e4gg och beslutat efter mycket v\u00e5nda att l\u00e5ta den g\u00e5 \u00e4nda upp till taket. Detta f\u00f6r att kunna f\u00f6rankra v\u00e4ggen p\u00e5 fler punkter. Jag var orolig att den skulle bli f\u00f6r vek annars. Man kanske halkar i duschen och st\u00f6djer sig mot v\u00e4ggen s\u00e5 kn\u00e4cks den mitt p\u00e5&#8230;<\/p>\n<p><a href=\"http:\/\/www.montendre.se\/wp-content\/uploads\/2017\/02\/IMG_4930.jpg\"><img loading=\"lazy\" decoding=\"async\" class=\"aligncenter size-medium wp-image-2933\" src=\"http:\/\/www.montendre.se\/wp-content\/uploads\/2017\/02\/IMG_4930-225x300.jpg\" alt=\"IMG_4930\" width=\"225\" height=\"300\" srcset=\"https:\/\/www.montendre.se\/wp-content\/uploads\/2017\/02\/IMG_4930-225x300.jpg 225w, https:\/\/www.montendre.se\/wp-content\/uploads\/2017\/02\/IMG_4930.jpg 480w\" sizes=\"(max-width: 225px) 100vw, 225px\" \/><\/a><\/p>\n<p>F\u00e4ste v\u00e4ggen i takreglarna ocks\u00e5.<\/p>\n<p><a href=\"http:\/\/www.montendre.se\/wp-content\/uploads\/2017\/02\/IMG_4933.jpg\"><img loading=\"lazy\" decoding=\"async\" class=\"aligncenter size-medium wp-image-2934\" src=\"http:\/\/www.montendre.se\/wp-content\/uploads\/2017\/02\/IMG_4933-225x300.jpg\" alt=\"IMG_4933\" width=\"225\" height=\"300\" srcset=\"https:\/\/www.montendre.se\/wp-content\/uploads\/2017\/02\/IMG_4933-225x300.jpg 225w, https:\/\/www.montendre.se\/wp-content\/uploads\/2017\/02\/IMG_4933.jpg 480w\" sizes=\"(max-width: 225px) 100vw, 225px\" \/><\/a><\/p>\n<p>Ska ocks\u00e5 &#8221;armera&#8221; ytterkanten av v\u00e4ggen med u-profil.<\/p>\n<p>Klippt vinet och fixat nya stolpar p\u00e5 en rad.<\/p>\n<p><a href=\"http:\/\/www.montendre.se\/wp-content\/uploads\/2017\/02\/IMG_4923.jpg\"><img loading=\"lazy\" decoding=\"async\" class=\"aligncenter size-medium wp-image-2935\" src=\"http:\/\/www.montendre.se\/wp-content\/uploads\/2017\/02\/IMG_4923-300x225.jpg\" alt=\"IMG_4923\" width=\"300\" height=\"225\" srcset=\"https:\/\/www.montendre.se\/wp-content\/uploads\/2017\/02\/IMG_4923-300x225.jpg 300w, https:\/\/www.montendre.se\/wp-content\/uploads\/2017\/02\/IMG_4923-268x200.jpg 268w, https:\/\/www.montendre.se\/wp-content\/uploads\/2017\/02\/IMG_4923.jpg 640w\" sizes=\"(max-width: 300px) 100vw, 300px\" \/><\/a><a href=\"http:\/\/www.montendre.se\/wp-content\/uploads\/2017\/02\/IMG_4926.jpg\"><img loading=\"lazy\" decoding=\"async\" class=\"aligncenter size-medium wp-image-2936\" src=\"http:\/\/www.montendre.se\/wp-content\/uploads\/2017\/02\/IMG_4926-300x225.jpg\" alt=\"IMG_4926\" width=\"300\" height=\"225\" srcset=\"https:\/\/www.montendre.se\/wp-content\/uploads\/2017\/02\/IMG_4926-300x225.jpg 300w, https:\/\/www.montendre.se\/wp-content\/uploads\/2017\/02\/IMG_4926-268x200.jpg 268w, https:\/\/www.montendre.se\/wp-content\/uploads\/2017\/02\/IMG_4926.jpg 640w\" sizes=\"(max-width: 300px) 100vw, 300px\" \/><\/a><\/p>\n<p>Middag p\u00e5 Quincaillerian.<\/p>\n","protected":false},"excerpt":{"rendered":"<p>Soligt och varmt idag, drygt 15 grader p\u00e5 eftermiddagen. Jag har fortsatt bygga duschv\u00e4gg och beslutat efter mycket v\u00e5nda att l\u00e5ta den g\u00e5 \u00e4nda upp till taket. Detta f\u00f6r att kunna f\u00f6rankra v\u00e4ggen p\u00e5 fler punkter. Jag var orolig att den skulle bli f\u00f6r vek annars. Man kanske halkar i &#8230;<\/p>\n","protected":false},"author":1,"featured_media":0,"comment_status":"open","ping_status":"open","sticky":false,"template":"","format":"standard","meta":{"jetpack_post_was_ever_published":false,"_jetpack_newsletter_access":"","_jetpack_dont_email_post_to_subs":false,"_jetpack_newsletter_tier_id":0,"footnotes":""},"categories":[43],"tags":[],"jetpack_sharing_enabled":true,"jetpack_featured_media_url":"","_links":{"self":[{"href":"https:\/\/www.montendre.se\/index.php?rest_route=\/wp\/v2\/posts\/2931"}],"collection":[{"href":"https:\/\/www.montendre.se\/index.php?rest_route=\/wp\/v2\/posts"}],"about":[{"href":"https:\/\/www.montendre.se\/index.php?rest_route=\/wp\/v2\/types\/post"}],"author":[{"embeddable":true,"href":"https:\/\/www.montendre.se\/index.php?rest_route=\/wp\/v2\/users\/1"}],"replies":[{"embeddable":true,"href":"https:\/\/www.montendre.se\/index.php?rest_route=%2Fwp%2Fv2%2Fcomments&post=2931"}],"version-history":[{"count":4,"href":"https:\/\/www.montendre.se\/index.php?rest_route=\/wp\/v2\/posts\/2931\/revisions"}],"predecessor-version":[{"id":2940,"href":"https:\/\/www.montendre.se\/index.php?rest_route=\/wp\/v2\/posts\/2931\/revisions\/2940"}],"wp:attachment":[{"href":"https:\/\/www.montendre.se\/index.php?rest_route=%2Fwp%2Fv2%2Fmedia&parent=2931"}],"wp:term":[{"taxonomy":"category","embeddable":true,"href":"https:\/\/www.montendre.se\/index.php?rest_route=%2Fwp%2Fv2%2Fcategories&post=2931"},{"taxonomy":"post_tag","embeddable":true,"href":"https:\/\/www.montendre.se\/index.php?rest_route=%2Fwp%2Fv2%2Ftags&post=2931"}],"curies":[{"name":"wp","href":"https:\/\/api.w.org\/{rel}","templated":true}]}}