{"id":2911,"date":"2017-02-23T20:18:25","date_gmt":"2017-02-23T19:18:25","guid":{"rendered":"http:\/\/www.montendre.se\/?p=2911"},"modified":"2017-02-24T08:47:40","modified_gmt":"2017-02-24T07:47:40","slug":"23-februari-2017","status":"publish","type":"post","link":"https:\/\/www.montendre.se\/?p=2911","title":{"rendered":"23 februari 2017"},"content":{"rendered":"<p>Molnigt och lite svalare, 11 grader som mest.<\/p>\n<p>Talade med grannfrugan p\u00e5 andra sidan gatan som sa att n\u00e5gra takpannor (skiffer) p\u00e5 v\u00e5rat hus har flyttat p\u00e5 sig. Fr\u00e5gade om hon visste n\u00e5gon som kunde fixa det och hon sa d\u00e5 att det var Albert (r\u00f6rmokaren mm) som hade lagt taket s\u00e5 han kunde s\u00e4kert fixa det.<\/p>\n<p>Sedan impregnerade jag badrumsgolvet.<\/p>\n<p>Handlade p\u00e5 marknaden. Tr\u00e4ffade p\u00e5 Albert d\u00e4r, s\u00e5 d\u00e5 fr\u00e5gade jag om taket. Och vid tv\u00e5tiden kom tv\u00e5 m\u00e4n\u00a0fr\u00e5n Albert och tittade p\u00e5 taket. Det var ganska m\u00e5nga skifferskivor som var skadade s\u00e5 de ska skriva ihop en offert. Han trodde dock att det skulle g\u00e5 p\u00e5 f\u00f6rs\u00e4kringen eftersom det \u00e4r stormen som orsakat skadan. Kostnaden skulle f\u00f6rmodligen bli drygt 3000\u20ac. D\u00e5 skulle \u00e4ven skador p\u00e5 taket p\u00e5 uthuset fixas. Han som kom och tittade hade lagt om taket p\u00e5 huset en g\u00e5ng f\u00f6r l\u00e4nge sedan.<\/p>\n<p>M\u00e5nga krukor som st\u00e5r utomhus har &#8221;spr\u00e4ngts&#8221; av kylan. Det var ju r\u00e4tt ofta minusgrader f\u00f6r ett par veckor sedan.<\/p>\n<p><a href=\"http:\/\/www.montendre.se\/wp-content\/uploads\/2017\/02\/IMG_4891.jpg\"><img loading=\"lazy\" decoding=\"async\" class=\"aligncenter size-medium wp-image-2914\" src=\"http:\/\/www.montendre.se\/wp-content\/uploads\/2017\/02\/IMG_4891-300x225.jpg\" alt=\"IMG_4891\" width=\"300\" height=\"225\" srcset=\"https:\/\/www.montendre.se\/wp-content\/uploads\/2017\/02\/IMG_4891-300x225.jpg 300w, https:\/\/www.montendre.se\/wp-content\/uploads\/2017\/02\/IMG_4891-268x200.jpg 268w, https:\/\/www.montendre.se\/wp-content\/uploads\/2017\/02\/IMG_4891.jpg 640w\" sizes=\"(max-width: 300px) 100vw, 300px\" \/><\/a><\/p>\n<p>Testade att n\u00e5ta golvet med nya, m\u00f6rkare n\u00e5tningsmassan.<\/p>\n<p><a href=\"http:\/\/www.montendre.se\/wp-content\/uploads\/2017\/02\/IMG_4898.jpg\"><img loading=\"lazy\" decoding=\"async\" class=\"aligncenter size-medium wp-image-2915\" src=\"http:\/\/www.montendre.se\/wp-content\/uploads\/2017\/02\/IMG_4898-225x300.jpg\" alt=\"IMG_4898\" width=\"225\" height=\"300\" srcset=\"https:\/\/www.montendre.se\/wp-content\/uploads\/2017\/02\/IMG_4898-225x300.jpg 225w, https:\/\/www.montendre.se\/wp-content\/uploads\/2017\/02\/IMG_4898.jpg 480w\" sizes=\"(max-width: 225px) 100vw, 225px\" \/><\/a>Och h\u00e4r \u00e4r gamla n\u00e5tningsf\u00f6rs\u00f6ket. Blir b\u00e4ttre med den m\u00f6rkare tycker jag. Dessutom syns inte eventuella misstag i n\u00e5tningen lika bra.<\/p>\n<p><a href=\"http:\/\/www.montendre.se\/wp-content\/uploads\/2017\/01\/IMG_4856.jpg\"><img loading=\"lazy\" decoding=\"async\" class=\"aligncenter size-medium wp-image-2877\" src=\"http:\/\/www.montendre.se\/wp-content\/uploads\/2017\/01\/IMG_4856-225x300.jpg\" alt=\"IMG_4856\" width=\"225\" height=\"300\" srcset=\"https:\/\/www.montendre.se\/wp-content\/uploads\/2017\/01\/IMG_4856-225x300.jpg 225w, https:\/\/www.montendre.se\/wp-content\/uploads\/2017\/01\/IMG_4856.jpg 480w\" sizes=\"(max-width: 225px) 100vw, 225px\" \/><\/a>Markerade var de f\u00f6rsta l\u00e4ttbetongblocken ska sitta p\u00e5 golvet. Testade att skruva fast ett vinkelj\u00e4rn som ska h\u00e5lla blocket fast i v\u00e4ggen.<\/p>\n<p><a href=\"http:\/\/www.montendre.se\/wp-content\/uploads\/2017\/02\/IMG_4899.jpg\"><img loading=\"lazy\" decoding=\"async\" class=\"aligncenter size-medium wp-image-2916\" src=\"http:\/\/www.montendre.se\/wp-content\/uploads\/2017\/02\/IMG_4899-300x225.jpg\" alt=\"IMG_4899\" width=\"300\" height=\"225\" srcset=\"https:\/\/www.montendre.se\/wp-content\/uploads\/2017\/02\/IMG_4899-300x225.jpg 300w, https:\/\/www.montendre.se\/wp-content\/uploads\/2017\/02\/IMG_4899-268x200.jpg 268w, https:\/\/www.montendre.se\/wp-content\/uploads\/2017\/02\/IMG_4899.jpg 640w\" sizes=\"(max-width: 300px) 100vw, 300px\" \/><\/a><\/p>\n<p><a href=\"http:\/\/www.montendre.se\/wp-content\/uploads\/2017\/02\/IMG_4901.jpg\"><img loading=\"lazy\" decoding=\"async\" class=\"aligncenter size-medium wp-image-2918\" src=\"http:\/\/www.montendre.se\/wp-content\/uploads\/2017\/02\/IMG_4901-300x225.jpg\" alt=\"IMG_4901\" width=\"300\" height=\"225\" srcset=\"https:\/\/www.montendre.se\/wp-content\/uploads\/2017\/02\/IMG_4901-300x225.jpg 300w, https:\/\/www.montendre.se\/wp-content\/uploads\/2017\/02\/IMG_4901-268x200.jpg 268w, https:\/\/www.montendre.se\/wp-content\/uploads\/2017\/02\/IMG_4901.jpg 640w\" sizes=\"(max-width: 300px) 100vw, 300px\" \/><\/a><\/p>\n<p>Middag hemma. Ostron f\u00f6rst och sedan en &#8221;gryta&#8221; med f\u00e4rska pilgrimsmusslor. Drack en cremant de Bordeaux fr\u00e5n n\u00e4rmsta vinkooperativet Tutiac. Kostar 7.95\u20ac och var bra.<\/p>\n<p><a href=\"http:\/\/www.montendre.se\/wp-content\/uploads\/2017\/02\/IMG_4902.jpg\"><img loading=\"lazy\" decoding=\"async\" class=\"aligncenter size-medium wp-image-2919\" src=\"http:\/\/www.montendre.se\/wp-content\/uploads\/2017\/02\/IMG_4902-300x225.jpg\" alt=\"IMG_4902\" width=\"300\" height=\"225\" srcset=\"https:\/\/www.montendre.se\/wp-content\/uploads\/2017\/02\/IMG_4902-300x225.jpg 300w, https:\/\/www.montendre.se\/wp-content\/uploads\/2017\/02\/IMG_4902-268x200.jpg 268w, https:\/\/www.montendre.se\/wp-content\/uploads\/2017\/02\/IMG_4902.jpg 640w\" sizes=\"(max-width: 300px) 100vw, 300px\" \/><\/a><\/p>\n","protected":false},"excerpt":{"rendered":"<p>Molnigt och lite svalare, 11 grader som mest. Talade med grannfrugan p\u00e5 andra sidan gatan som sa att n\u00e5gra takpannor (skiffer) p\u00e5 v\u00e5rat hus har flyttat p\u00e5 sig. Fr\u00e5gade om hon visste n\u00e5gon som kunde fixa det och hon sa d\u00e5 att det var Albert (r\u00f6rmokaren mm) som hade lagt &#8230;<\/p>\n","protected":false},"author":1,"featured_media":0,"comment_status":"open","ping_status":"open","sticky":false,"template":"","format":"standard","meta":{"jetpack_post_was_ever_published":false,"_jetpack_newsletter_access":"","_jetpack_dont_email_post_to_subs":false,"_jetpack_newsletter_tier_id":0,"footnotes":""},"categories":[43],"tags":[],"jetpack_sharing_enabled":true,"jetpack_featured_media_url":"","_links":{"self":[{"href":"https:\/\/www.montendre.se\/index.php?rest_route=\/wp\/v2\/posts\/2911"}],"collection":[{"href":"https:\/\/www.montendre.se\/index.php?rest_route=\/wp\/v2\/posts"}],"about":[{"href":"https:\/\/www.montendre.se\/index.php?rest_route=\/wp\/v2\/types\/post"}],"author":[{"embeddable":true,"href":"https:\/\/www.montendre.se\/index.php?rest_route=\/wp\/v2\/users\/1"}],"replies":[{"embeddable":true,"href":"https:\/\/www.montendre.se\/index.php?rest_route=%2Fwp%2Fv2%2Fcomments&post=2911"}],"version-history":[{"count":7,"href":"https:\/\/www.montendre.se\/index.php?rest_route=\/wp\/v2\/posts\/2911\/revisions"}],"predecessor-version":[{"id":2924,"href":"https:\/\/www.montendre.se\/index.php?rest_route=\/wp\/v2\/posts\/2911\/revisions\/2924"}],"wp:attachment":[{"href":"https:\/\/www.montendre.se\/index.php?rest_route=%2Fwp%2Fv2%2Fmedia&parent=2911"}],"wp:term":[{"taxonomy":"category","embeddable":true,"href":"https:\/\/www.montendre.se\/index.php?rest_route=%2Fwp%2Fv2%2Fcategories&post=2911"},{"taxonomy":"post_tag","embeddable":true,"href":"https:\/\/www.montendre.se\/index.php?rest_route=%2Fwp%2Fv2%2Ftags&post=2911"}],"curies":[{"name":"wp","href":"https:\/\/api.w.org\/{rel}","templated":true}]}}