{"id":2902,"date":"2017-02-22T21:35:02","date_gmt":"2017-02-22T20:35:02","guid":{"rendered":"http:\/\/www.montendre.se\/?p=2902"},"modified":"2017-02-25T21:51:56","modified_gmt":"2017-02-25T20:51:56","slug":"22-februari-2017","status":"publish","type":"post","link":"https:\/\/www.montendre.se\/?p=2902","title":{"rendered":"22 februari 2017"},"content":{"rendered":"<p>Sn\u00f6ov\u00e4der igen n\u00e4r vi \u00e5kte fr\u00e5n Stockholm. \u00c4ndrade oss fr\u00e5n flygbuss och tog arlandaexpress i st\u00e4llet. K\u00e4nns s\u00e4krare n\u00e4r det \u00e4r sn\u00f6ov\u00e4der \u00e4ven om det \u00e4r hiskeligt dyrt.<\/p>\n<p>Planet var redo att \u00e5ka i tid men dels var det ov\u00e4der i Amsterdam som gjorde att de inte ville att vi skulle starta dels gick det tid\u00a0till avvisning. S\u00e5 vi blev v\u00e4l 50-60 minuter sena fr\u00e5n Arlanda. Och n\u00e4r vi kom fram till Amsterdam fick vi cirkla ett par varv innan landning. S\u00e5 vi fick g\u00e5 av planet 14:15 och n\u00e4sta plan gick 14:35. Lite sm\u00e5stressigt men vi hann ombord. Dessv\u00e4rre gjorde inte v\u00e4skorna det. Vi ska f\u00e5 dem senare i kv\u00e4ll \u00e4r det sagt.<\/p>\n<p>13 grader och sol n\u00e4r vi kom fram i Bordeaux. Sk\u00f6nt.<\/p>\n<p>Allt s\u00e5g r\u00e4tt okey i hus och tr\u00e4dg\u00e5rd. N\u00e5gra takpannor p\u00e5 uthuset som bl\u00e5st runt i stormarna. (Sv\u00e5rt att se men klicka p\u00e5 bilden s\u00e5 blir den st\u00f6rre.)<\/p>\n<p><a href=\"http:\/\/www.montendre.se\/wp-content\/uploads\/2017\/02\/IMG_4881.jpg\"><img loading=\"lazy\" decoding=\"async\" class=\"aligncenter size-medium wp-image-2903\" src=\"http:\/\/www.montendre.se\/wp-content\/uploads\/2017\/02\/IMG_4881-300x225.jpg\" alt=\"IMG_4881\" width=\"300\" height=\"225\" srcset=\"https:\/\/www.montendre.se\/wp-content\/uploads\/2017\/02\/IMG_4881-300x225.jpg 300w, https:\/\/www.montendre.se\/wp-content\/uploads\/2017\/02\/IMG_4881-268x200.jpg 268w, https:\/\/www.montendre.se\/wp-content\/uploads\/2017\/02\/IMG_4881.jpg 640w\" sizes=\"(max-width: 300px) 100vw, 300px\" \/><\/a>I tr\u00e4dg\u00e5rden\u00a0blommar plommontr\u00e4d och aprikos.<\/p>\n<p><a href=\"http:\/\/www.montendre.se\/wp-content\/uploads\/2017\/02\/IMG_4883.jpg\"><img loading=\"lazy\" decoding=\"async\" class=\"aligncenter size-medium wp-image-2904\" src=\"http:\/\/www.montendre.se\/wp-content\/uploads\/2017\/02\/IMG_4883-225x300.jpg\" alt=\"IMG_4883\" width=\"225\" height=\"300\" srcset=\"https:\/\/www.montendre.se\/wp-content\/uploads\/2017\/02\/IMG_4883-225x300.jpg 225w, https:\/\/www.montendre.se\/wp-content\/uploads\/2017\/02\/IMG_4883.jpg 480w\" sizes=\"(max-width: 225px) 100vw, 225px\" \/><\/a><\/p>\n<p><a href=\"http:\/\/www.montendre.se\/wp-content\/uploads\/2017\/02\/IMG_4884.jpg\"><img loading=\"lazy\" decoding=\"async\" class=\"aligncenter size-medium wp-image-2905\" src=\"http:\/\/www.montendre.se\/wp-content\/uploads\/2017\/02\/IMG_4884-225x300.jpg\" alt=\"IMG_4884\" width=\"225\" height=\"300\" srcset=\"https:\/\/www.montendre.se\/wp-content\/uploads\/2017\/02\/IMG_4884-225x300.jpg 225w, https:\/\/www.montendre.se\/wp-content\/uploads\/2017\/02\/IMG_4884.jpg 480w\" sizes=\"(max-width: 225px) 100vw, 225px\" \/><\/a><\/p>\n<p>Andra sm\u00e5 blommor:<\/p>\n<p><a href=\"http:\/\/www.montendre.se\/wp-content\/uploads\/2017\/02\/IMG_4887.jpg\"><img loading=\"lazy\" decoding=\"async\" class=\"aligncenter size-medium wp-image-2906\" src=\"http:\/\/www.montendre.se\/wp-content\/uploads\/2017\/02\/IMG_4887-225x300.jpg\" alt=\"IMG_4887\" width=\"225\" height=\"300\" srcset=\"https:\/\/www.montendre.se\/wp-content\/uploads\/2017\/02\/IMG_4887-225x300.jpg 225w, https:\/\/www.montendre.se\/wp-content\/uploads\/2017\/02\/IMG_4887.jpg 480w\" sizes=\"(max-width: 225px) 100vw, 225px\" \/><\/a><\/p>\n<p><a href=\"http:\/\/www.montendre.se\/wp-content\/uploads\/2017\/02\/IMG_4889.jpg\"><img loading=\"lazy\" decoding=\"async\" class=\"aligncenter size-medium wp-image-2907\" src=\"http:\/\/www.montendre.se\/wp-content\/uploads\/2017\/02\/IMG_4889-225x300.jpg\" alt=\"IMG_4889\" width=\"225\" height=\"300\" srcset=\"https:\/\/www.montendre.se\/wp-content\/uploads\/2017\/02\/IMG_4889-225x300.jpg 225w, https:\/\/www.montendre.se\/wp-content\/uploads\/2017\/02\/IMG_4889.jpg 480w\" sizes=\"(max-width: 225px) 100vw, 225px\" \/><\/a><\/p>\n<p>&nbsp;<\/p>\n<p>Middag p\u00e5 baren.<\/p>\n","protected":false},"excerpt":{"rendered":"<p>Sn\u00f6ov\u00e4der igen n\u00e4r vi \u00e5kte fr\u00e5n Stockholm. \u00c4ndrade oss fr\u00e5n flygbuss och tog arlandaexpress i st\u00e4llet. K\u00e4nns s\u00e4krare n\u00e4r det \u00e4r sn\u00f6ov\u00e4der \u00e4ven om det \u00e4r hiskeligt dyrt. Planet var redo att \u00e5ka i tid men dels var det ov\u00e4der i Amsterdam som gjorde att de inte ville att vi &#8230;<\/p>\n","protected":false},"author":1,"featured_media":0,"comment_status":"open","ping_status":"open","sticky":false,"template":"","format":"standard","meta":{"jetpack_post_was_ever_published":false,"_jetpack_newsletter_access":"","_jetpack_dont_email_post_to_subs":false,"_jetpack_newsletter_tier_id":0,"footnotes":""},"categories":[43],"tags":[],"jetpack_sharing_enabled":true,"jetpack_featured_media_url":"","_links":{"self":[{"href":"https:\/\/www.montendre.se\/index.php?rest_route=\/wp\/v2\/posts\/2902"}],"collection":[{"href":"https:\/\/www.montendre.se\/index.php?rest_route=\/wp\/v2\/posts"}],"about":[{"href":"https:\/\/www.montendre.se\/index.php?rest_route=\/wp\/v2\/types\/post"}],"author":[{"embeddable":true,"href":"https:\/\/www.montendre.se\/index.php?rest_route=\/wp\/v2\/users\/1"}],"replies":[{"embeddable":true,"href":"https:\/\/www.montendre.se\/index.php?rest_route=%2Fwp%2Fv2%2Fcomments&post=2902"}],"version-history":[{"count":3,"href":"https:\/\/www.montendre.se\/index.php?rest_route=\/wp\/v2\/posts\/2902\/revisions"}],"predecessor-version":[{"id":2939,"href":"https:\/\/www.montendre.se\/index.php?rest_route=\/wp\/v2\/posts\/2902\/revisions\/2939"}],"wp:attachment":[{"href":"https:\/\/www.montendre.se\/index.php?rest_route=%2Fwp%2Fv2%2Fmedia&parent=2902"}],"wp:term":[{"taxonomy":"category","embeddable":true,"href":"https:\/\/www.montendre.se\/index.php?rest_route=%2Fwp%2Fv2%2Fcategories&post=2902"},{"taxonomy":"post_tag","embeddable":true,"href":"https:\/\/www.montendre.se\/index.php?rest_route=%2Fwp%2Fv2%2Ftags&post=2902"}],"curies":[{"name":"wp","href":"https:\/\/api.w.org\/{rel}","templated":true}]}}