{"id":2847,"date":"2017-01-03T21:17:12","date_gmt":"2017-01-03T20:17:12","guid":{"rendered":"http:\/\/www.montendre.se\/?p=2847"},"modified":"2017-01-03T21:17:12","modified_gmt":"2017-01-03T20:17:12","slug":"3-januari-2017","status":"publish","type":"post","link":"https:\/\/www.montendre.se\/?p=2847","title":{"rendered":"3 januari 2017"},"content":{"rendered":"<p>Soligt idag men kallt, sex grader som mest.<\/p>\n<p>Hade best\u00e4llt ved s\u00e5 vedleverant\u00f6ren kom p\u00e5 f\u00f6rmiddagen.<\/p>\n<p>Jag klinkrade lite i d\u00f6rr\u00f6ppningen ut mot hallen och kaklade lite till p\u00e5 handfatsv\u00e4ggen.<\/p>\n<p><a href=\"http:\/\/www.montendre.se\/wp-content\/uploads\/2017\/01\/IMG_4828.jpg\"><img loading=\"lazy\" decoding=\"async\" class=\"aligncenter size-medium wp-image-2849\" src=\"http:\/\/www.montendre.se\/wp-content\/uploads\/2017\/01\/IMG_4828-300x225.jpg\" alt=\"IMG_4828\" width=\"300\" height=\"225\" srcset=\"https:\/\/www.montendre.se\/wp-content\/uploads\/2017\/01\/IMG_4828-300x225.jpg 300w, https:\/\/www.montendre.se\/wp-content\/uploads\/2017\/01\/IMG_4828-268x200.jpg 268w, https:\/\/www.montendre.se\/wp-content\/uploads\/2017\/01\/IMG_4828.jpg 640w\" sizes=\"(max-width: 300px) 100vw, 300px\" \/><\/a>Tog en timmes promenad p\u00e5 eftermiddagen. R\u00e4tt kylig vind.<\/p>\n<p>Fixade h\u00e5l i en kakelplatta f\u00f6r handfatsr\u00f6ren.<\/p>\n<p><a href=\"http:\/\/www.montendre.se\/wp-content\/uploads\/2017\/01\/IMG_4830.jpg\"><img loading=\"lazy\" decoding=\"async\" class=\"aligncenter size-medium wp-image-2850\" src=\"http:\/\/www.montendre.se\/wp-content\/uploads\/2017\/01\/IMG_4830-225x300.jpg\" alt=\"IMG_4830\" width=\"225\" height=\"300\" srcset=\"https:\/\/www.montendre.se\/wp-content\/uploads\/2017\/01\/IMG_4830-225x300.jpg 225w, https:\/\/www.montendre.se\/wp-content\/uploads\/2017\/01\/IMG_4830.jpg 480w\" sizes=\"(max-width: 225px) 100vw, 225px\" \/><\/a><\/p>\n<p>Middag p\u00e5 creperiet.<\/p>\n<p>&nbsp;<\/p>\n","protected":false},"excerpt":{"rendered":"<p>Soligt idag men kallt, sex grader som mest. Hade best\u00e4llt ved s\u00e5 vedleverant\u00f6ren kom p\u00e5 f\u00f6rmiddagen. Jag klinkrade lite i d\u00f6rr\u00f6ppningen ut mot hallen och kaklade lite till p\u00e5 handfatsv\u00e4ggen. Tog en timmes promenad p\u00e5 eftermiddagen. R\u00e4tt kylig vind. Fixade h\u00e5l i en kakelplatta f\u00f6r handfatsr\u00f6ren. Middag p\u00e5 creperiet. &nbsp;<\/p>\n","protected":false},"author":1,"featured_media":0,"comment_status":"open","ping_status":"open","sticky":false,"template":"","format":"standard","meta":{"jetpack_post_was_ever_published":false,"_jetpack_newsletter_access":"","_jetpack_dont_email_post_to_subs":false,"_jetpack_newsletter_tier_id":0,"footnotes":""},"categories":[42],"tags":[],"jetpack_sharing_enabled":true,"jetpack_featured_media_url":"","_links":{"self":[{"href":"https:\/\/www.montendre.se\/index.php?rest_route=\/wp\/v2\/posts\/2847"}],"collection":[{"href":"https:\/\/www.montendre.se\/index.php?rest_route=\/wp\/v2\/posts"}],"about":[{"href":"https:\/\/www.montendre.se\/index.php?rest_route=\/wp\/v2\/types\/post"}],"author":[{"embeddable":true,"href":"https:\/\/www.montendre.se\/index.php?rest_route=\/wp\/v2\/users\/1"}],"replies":[{"embeddable":true,"href":"https:\/\/www.montendre.se\/index.php?rest_route=%2Fwp%2Fv2%2Fcomments&post=2847"}],"version-history":[{"count":2,"href":"https:\/\/www.montendre.se\/index.php?rest_route=\/wp\/v2\/posts\/2847\/revisions"}],"predecessor-version":[{"id":2851,"href":"https:\/\/www.montendre.se\/index.php?rest_route=\/wp\/v2\/posts\/2847\/revisions\/2851"}],"wp:attachment":[{"href":"https:\/\/www.montendre.se\/index.php?rest_route=%2Fwp%2Fv2%2Fmedia&parent=2847"}],"wp:term":[{"taxonomy":"category","embeddable":true,"href":"https:\/\/www.montendre.se\/index.php?rest_route=%2Fwp%2Fv2%2Fcategories&post=2847"},{"taxonomy":"post_tag","embeddable":true,"href":"https:\/\/www.montendre.se\/index.php?rest_route=%2Fwp%2Fv2%2Ftags&post=2847"}],"curies":[{"name":"wp","href":"https:\/\/api.w.org\/{rel}","templated":true}]}}