{"id":280,"date":"2012-11-24T18:14:35","date_gmt":"2012-11-24T17:14:35","guid":{"rendered":"http:\/\/www.montendre.se\/?p=280"},"modified":"2013-07-17T14:54:34","modified_gmt":"2013-07-17T12:54:34","slug":"24-november","status":"publish","type":"post","link":"https:\/\/www.montendre.se\/?p=280","title":{"rendered":"24 November"},"content":{"rendered":"<p>Hyfsad dag v\u00e4derm\u00e4ssigt. Varmast hittills under den h\u00e4r resan med 16.4 grader som varmast. Sol d\u00e5 och d\u00e5 men r\u00e4tt bl\u00e5sigt.<\/p>\n<p>Fixat med hallen som vanligt. Skruvade sedan ihop gamla s\u00e4ngen och fixade med nya madrassen.<\/p>\n<p><a href=\"http:\/\/www.montendre.se\/wp-content\/uploads\/2012\/11\/IMG_2352.jpg\"><img loading=\"lazy\" decoding=\"async\" class=\"aligncenter size-medium wp-image-281\" title=\"IMG_2352\" src=\"http:\/\/www.montendre.se\/wp-content\/uploads\/2012\/11\/IMG_2352-300x225.jpg\" alt=\"\" width=\"300\" height=\"225\" srcset=\"https:\/\/www.montendre.se\/wp-content\/uploads\/2012\/11\/IMG_2352-300x225.jpg 300w, https:\/\/www.montendre.se\/wp-content\/uploads\/2012\/11\/IMG_2352-1024x768.jpg 1024w, https:\/\/www.montendre.se\/wp-content\/uploads\/2012\/11\/IMG_2352-268x200.jpg 268w, https:\/\/www.montendre.se\/wp-content\/uploads\/2012\/11\/IMG_2352-700x525.jpg 700w\" sizes=\"(max-width: 300px) 100vw, 300px\" \/><\/a><\/p>\n<p>Fixat tv\u00e5 nya hyllplan till sk\u00e5pet ocks\u00e5.<\/p>\n<p><a href=\"http:\/\/www.montendre.se\/wp-content\/uploads\/2012\/11\/IMG_2353.jpg\"><img loading=\"lazy\" decoding=\"async\" class=\"aligncenter size-medium wp-image-282\" title=\"IMG_2353\" src=\"http:\/\/www.montendre.se\/wp-content\/uploads\/2012\/11\/IMG_2353-300x225.jpg\" alt=\"\" width=\"300\" height=\"225\" srcset=\"https:\/\/www.montendre.se\/wp-content\/uploads\/2012\/11\/IMG_2353-300x225.jpg 300w, https:\/\/www.montendre.se\/wp-content\/uploads\/2012\/11\/IMG_2353-1024x768.jpg 1024w, https:\/\/www.montendre.se\/wp-content\/uploads\/2012\/11\/IMG_2353-268x200.jpg 268w, https:\/\/www.montendre.se\/wp-content\/uploads\/2012\/11\/IMG_2353-700x525.jpg 700w\" sizes=\"(max-width: 300px) 100vw, 300px\" \/><\/a><a href=\"http:\/\/www.montendre.se\/wp-content\/uploads\/2012\/11\/IMG_2354.jpg\"><img loading=\"lazy\" decoding=\"async\" class=\"aligncenter size-medium wp-image-283\" title=\"IMG_2354\" src=\"http:\/\/www.montendre.se\/wp-content\/uploads\/2012\/11\/IMG_2354-225x300.jpg\" alt=\"\" width=\"225\" height=\"300\" srcset=\"https:\/\/www.montendre.se\/wp-content\/uploads\/2012\/11\/IMG_2354-225x300.jpg 225w, https:\/\/www.montendre.se\/wp-content\/uploads\/2012\/11\/IMG_2354-768x1024.jpg 768w, https:\/\/www.montendre.se\/wp-content\/uploads\/2012\/11\/IMG_2354-700x933.jpg 700w\" sizes=\"(max-width: 225px) 100vw, 225px\" \/><\/a>L har storst\u00e4dat f\u00f6nstret i k\u00f6ket. R\u00e4tt sunkigt var det innan med massa d\u00f6da insekter mm.<\/p>\n<p>Jag klippte lite mer p\u00e5 tujah\u00e4cken och k\u00f6rt iv\u00e4g grenar till soptippen. S\u00e5 h\u00e4r ser det ut nu med ett till tr\u00e4d borta.<\/p>\n<p><a href=\"http:\/\/www.montendre.se\/wp-content\/uploads\/2012\/11\/IMG_2355.jpg\"><img loading=\"lazy\" decoding=\"async\" class=\"aligncenter size-medium wp-image-284\" title=\"IMG_2355\" src=\"http:\/\/www.montendre.se\/wp-content\/uploads\/2012\/11\/IMG_2355-300x225.jpg\" alt=\"\" width=\"300\" height=\"225\" srcset=\"https:\/\/www.montendre.se\/wp-content\/uploads\/2012\/11\/IMG_2355-300x225.jpg 300w, https:\/\/www.montendre.se\/wp-content\/uploads\/2012\/11\/IMG_2355-1024x768.jpg 1024w, https:\/\/www.montendre.se\/wp-content\/uploads\/2012\/11\/IMG_2355-268x200.jpg 268w, https:\/\/www.montendre.se\/wp-content\/uploads\/2012\/11\/IMG_2355-700x525.jpg 700w\" sizes=\"(max-width: 300px) 100vw, 300px\" \/><\/a><\/p>\n<p><a href=\"http:\/\/www.montendre.se\/wp-content\/uploads\/2012\/11\/IMG_2353.jpg\">\u00a0<\/a><\/p>\n","protected":false},"excerpt":{"rendered":"<p>Hyfsad dag v\u00e4derm\u00e4ssigt. Varmast hittills under den h\u00e4r resan med 16.4 grader som varmast. Sol d\u00e5 och d\u00e5 men r\u00e4tt bl\u00e5sigt. Fixat med hallen som vanligt. Skruvade sedan ihop gamla s\u00e4ngen och fixade med nya madrassen. Fixat tv\u00e5 nya hyllplan till sk\u00e5pet ocks\u00e5. L har storst\u00e4dat f\u00f6nstret i k\u00f6ket. R\u00e4tt &#8230;<\/p>\n","protected":false},"author":1,"featured_media":0,"comment_status":"open","ping_status":"open","sticky":false,"template":"","format":"standard","meta":{"jetpack_post_was_ever_published":false,"_jetpack_newsletter_access":"","_jetpack_dont_email_post_to_subs":false,"_jetpack_newsletter_tier_id":0,"footnotes":""},"categories":[9],"tags":[],"jetpack_sharing_enabled":true,"jetpack_featured_media_url":"","_links":{"self":[{"href":"https:\/\/www.montendre.se\/index.php?rest_route=\/wp\/v2\/posts\/280"}],"collection":[{"href":"https:\/\/www.montendre.se\/index.php?rest_route=\/wp\/v2\/posts"}],"about":[{"href":"https:\/\/www.montendre.se\/index.php?rest_route=\/wp\/v2\/types\/post"}],"author":[{"embeddable":true,"href":"https:\/\/www.montendre.se\/index.php?rest_route=\/wp\/v2\/users\/1"}],"replies":[{"embeddable":true,"href":"https:\/\/www.montendre.se\/index.php?rest_route=%2Fwp%2Fv2%2Fcomments&post=280"}],"version-history":[{"count":4,"href":"https:\/\/www.montendre.se\/index.php?rest_route=\/wp\/v2\/posts\/280\/revisions"}],"predecessor-version":[{"id":623,"href":"https:\/\/www.montendre.se\/index.php?rest_route=\/wp\/v2\/posts\/280\/revisions\/623"}],"wp:attachment":[{"href":"https:\/\/www.montendre.se\/index.php?rest_route=%2Fwp%2Fv2%2Fmedia&parent=280"}],"wp:term":[{"taxonomy":"category","embeddable":true,"href":"https:\/\/www.montendre.se\/index.php?rest_route=%2Fwp%2Fv2%2Fcategories&post=280"},{"taxonomy":"post_tag","embeddable":true,"href":"https:\/\/www.montendre.se\/index.php?rest_route=%2Fwp%2Fv2%2Ftags&post=280"}],"curies":[{"name":"wp","href":"https:\/\/api.w.org\/{rel}","templated":true}]}}