{"id":2790,"date":"2016-12-03T18:18:51","date_gmt":"2016-12-03T17:18:51","guid":{"rendered":"http:\/\/www.montendre.se\/?p=2790"},"modified":"2016-12-03T18:41:57","modified_gmt":"2016-12-03T17:41:57","slug":"3-november-2016","status":"publish","type":"post","link":"https:\/\/www.montendre.se\/?p=2790","title":{"rendered":"3 december 2016"},"content":{"rendered":"<p>Frost i morse igen, men soligt p\u00e5 dagen och d\u00e5 kommer temperaturen upp i 10 grader.<\/p>\n<p>B\u00f6rjade planera f\u00f6r att kakla v\u00e4ggen bakom handfatet, men sedan \u00e5ngrade jag mig. K\u00e4ndes f\u00f6r mycket med vattenledningar, avlopp och eluttag. S\u00e5 jag b\u00f6rjade med lilla v\u00e4ggen ut mot balkongen vid toaletten. Den \u00e4r bara 60 cm bred s\u00e5 det var mer lagom. (Sockelplattorna \u00e4r inte fastsatta, de st\u00e5r bara lutade mot v\u00e4ggen.)<\/p>\n<p><a href=\"http:\/\/www.montendre.se\/wp-content\/uploads\/2016\/12\/IMG_4764.jpg\"><img loading=\"lazy\" decoding=\"async\" class=\"aligncenter size-medium wp-image-2795\" src=\"http:\/\/www.montendre.se\/wp-content\/uploads\/2016\/12\/IMG_4764-225x300.jpg\" alt=\"IMG_4764\" width=\"225\" height=\"300\" srcset=\"https:\/\/www.montendre.se\/wp-content\/uploads\/2016\/12\/IMG_4764-225x300.jpg 225w, https:\/\/www.montendre.se\/wp-content\/uploads\/2016\/12\/IMG_4764.jpg 480w\" sizes=\"(max-width: 225px) 100vw, 225px\" \/><\/a><\/p>\n<p>Man ska ju inte ta alla kakelplattor fr\u00e5n samma l\u00e5da (f\u00f6r att undvika problem med eventuella nyansskillnader) s\u00e5 jag la upp alla kartonger s\u00e5 man l\u00e4tt kan plocka lite slumpm\u00e4ssigt.<\/p>\n<p><a href=\"http:\/\/www.montendre.se\/wp-content\/uploads\/2016\/12\/IMG_4759.jpg\"><img loading=\"lazy\" decoding=\"async\" class=\"aligncenter size-medium wp-image-2793\" src=\"http:\/\/www.montendre.se\/wp-content\/uploads\/2016\/12\/IMG_4759-225x300.jpg\" alt=\"IMG_4759\" width=\"225\" height=\"300\" srcset=\"https:\/\/www.montendre.se\/wp-content\/uploads\/2016\/12\/IMG_4759-225x300.jpg 225w, https:\/\/www.montendre.se\/wp-content\/uploads\/2016\/12\/IMG_4759.jpg 480w\" sizes=\"(max-width: 225px) 100vw, 225px\" \/><\/a><\/p>\n<p>B\u00f6rjade \u00e4ven s\u00e5ga till l\u00e4ttbetongblocken f\u00f6r duschv\u00e4ggen. De ska f\u00f6rankras i v\u00e4ggen med vinkelj\u00e4rn. Inspektionslucka 15&#215;30 cm l\u00e4ngst ner f\u00f6r duschavloppet.<\/p>\n<p><a href=\"http:\/\/www.montendre.se\/wp-content\/uploads\/2016\/12\/IMG_4760.jpg\"><img loading=\"lazy\" decoding=\"async\" class=\"aligncenter size-medium wp-image-2791\" src=\"http:\/\/www.montendre.se\/wp-content\/uploads\/2016\/12\/IMG_4760-300x225.jpg\" alt=\"IMG_4760\" width=\"300\" height=\"225\" srcset=\"https:\/\/www.montendre.se\/wp-content\/uploads\/2016\/12\/IMG_4760-300x225.jpg 300w, https:\/\/www.montendre.se\/wp-content\/uploads\/2016\/12\/IMG_4760-268x200.jpg 268w, https:\/\/www.montendre.se\/wp-content\/uploads\/2016\/12\/IMG_4760.jpg 640w\" sizes=\"(max-width: 300px) 100vw, 300px\" \/><\/a>Och lite rester fr\u00e5n l\u00e4ttbetongblocken blir en &#8221;v\u00e4gg&#8221; att f\u00e4sta\u00a0sockeln i framf\u00f6r\u00a0duschkaret.<\/p>\n<p><a href=\"http:\/\/www.montendre.se\/wp-content\/uploads\/2016\/12\/IMG_4762.jpg\"><img loading=\"lazy\" decoding=\"async\" class=\"aligncenter size-medium wp-image-2792\" src=\"http:\/\/www.montendre.se\/wp-content\/uploads\/2016\/12\/IMG_4762-225x300.jpg\" alt=\"IMG_4762\" width=\"225\" height=\"300\" srcset=\"https:\/\/www.montendre.se\/wp-content\/uploads\/2016\/12\/IMG_4762-225x300.jpg 225w, https:\/\/www.montendre.se\/wp-content\/uploads\/2016\/12\/IMG_4762.jpg 480w\" sizes=\"(max-width: 225px) 100vw, 225px\" \/><\/a><\/p>\n<p>Sedan lite undanplockning och st\u00e4dning. Planet g\u00e5r 12:05 i morgon s\u00e5 det blir avf\u00e4rd direkt efter frukost.<\/p>\n<p>Middag hemma.<\/p>\n","protected":false},"excerpt":{"rendered":"<p>Frost i morse igen, men soligt p\u00e5 dagen och d\u00e5 kommer temperaturen upp i 10 grader. B\u00f6rjade planera f\u00f6r att kakla v\u00e4ggen bakom handfatet, men sedan \u00e5ngrade jag mig. K\u00e4ndes f\u00f6r mycket med vattenledningar, avlopp och eluttag. S\u00e5 jag b\u00f6rjade med lilla v\u00e4ggen ut mot balkongen vid toaletten. Den \u00e4r &#8230;<\/p>\n","protected":false},"author":1,"featured_media":0,"comment_status":"open","ping_status":"open","sticky":false,"template":"","format":"standard","meta":{"jetpack_post_was_ever_published":false,"_jetpack_newsletter_access":"","_jetpack_dont_email_post_to_subs":false,"_jetpack_newsletter_tier_id":0,"footnotes":""},"categories":[41],"tags":[],"jetpack_sharing_enabled":true,"jetpack_featured_media_url":"","_links":{"self":[{"href":"https:\/\/www.montendre.se\/index.php?rest_route=\/wp\/v2\/posts\/2790"}],"collection":[{"href":"https:\/\/www.montendre.se\/index.php?rest_route=\/wp\/v2\/posts"}],"about":[{"href":"https:\/\/www.montendre.se\/index.php?rest_route=\/wp\/v2\/types\/post"}],"author":[{"embeddable":true,"href":"https:\/\/www.montendre.se\/index.php?rest_route=\/wp\/v2\/users\/1"}],"replies":[{"embeddable":true,"href":"https:\/\/www.montendre.se\/index.php?rest_route=%2Fwp%2Fv2%2Fcomments&post=2790"}],"version-history":[{"count":5,"href":"https:\/\/www.montendre.se\/index.php?rest_route=\/wp\/v2\/posts\/2790\/revisions"}],"predecessor-version":[{"id":2800,"href":"https:\/\/www.montendre.se\/index.php?rest_route=\/wp\/v2\/posts\/2790\/revisions\/2800"}],"wp:attachment":[{"href":"https:\/\/www.montendre.se\/index.php?rest_route=%2Fwp%2Fv2%2Fmedia&parent=2790"}],"wp:term":[{"taxonomy":"category","embeddable":true,"href":"https:\/\/www.montendre.se\/index.php?rest_route=%2Fwp%2Fv2%2Fcategories&post=2790"},{"taxonomy":"post_tag","embeddable":true,"href":"https:\/\/www.montendre.se\/index.php?rest_route=%2Fwp%2Fv2%2Ftags&post=2790"}],"curies":[{"name":"wp","href":"https:\/\/api.w.org\/{rel}","templated":true}]}}