{"id":2752,"date":"2016-12-02T19:09:24","date_gmt":"2016-12-02T18:09:24","guid":{"rendered":"http:\/\/www.montendre.se\/?p=2752"},"modified":"2016-12-02T21:24:39","modified_gmt":"2016-12-02T20:24:39","slug":"2-december-2016","status":"publish","type":"post","link":"https:\/\/www.montendre.se\/?p=2752","title":{"rendered":"2 december 2016"},"content":{"rendered":"<p>Kallt i natt och frost i gr\u00e4set i morse. Och is i hinken som jag l\u00e4t st\u00e5 ute i natt. Soligt hela dagen och upp till 8\u00a0grader.<\/p>\n<p><a href=\"http:\/\/www.montendre.se\/wp-content\/uploads\/2016\/12\/IMG_4745.jpg\"><img loading=\"lazy\" decoding=\"async\" class=\"aligncenter size-medium wp-image-2756\" src=\"http:\/\/www.montendre.se\/wp-content\/uploads\/2016\/12\/IMG_4745-300x225.jpg\" alt=\"IMG_4745\" width=\"300\" height=\"225\" srcset=\"https:\/\/www.montendre.se\/wp-content\/uploads\/2016\/12\/IMG_4745-300x225.jpg 300w, https:\/\/www.montendre.se\/wp-content\/uploads\/2016\/12\/IMG_4745-268x200.jpg 268w, https:\/\/www.montendre.se\/wp-content\/uploads\/2016\/12\/IMG_4745.jpg 640w\" sizes=\"(max-width: 300px) 100vw, 300px\" \/><\/a><\/p>\n<p>Funderade p\u00e5 duschkarets placering och hur kaklet ska &#8221;m\u00f6ta&#8221; karet. \u00c4ven duschv\u00e4ggen kom med i ber\u00e4kningen. Lite l\u00e4skigt att ta f\u00f6rsta steget med att t.ex. bygga v\u00e4ggen eller kakla i n\u00e4rheten av duschkaret. K\u00e4nns som det kan bli v\u00e4ldigt fel om man inte t\u00e4nker ordentligt innan.<\/p>\n<p><a href=\"http:\/\/www.montendre.se\/wp-content\/uploads\/2016\/12\/IMG_4747.jpg\"><img loading=\"lazy\" decoding=\"async\" class=\"aligncenter size-medium wp-image-2757\" src=\"http:\/\/www.montendre.se\/wp-content\/uploads\/2016\/12\/IMG_4747-300x225.jpg\" alt=\"IMG_4747\" width=\"300\" height=\"225\" srcset=\"https:\/\/www.montendre.se\/wp-content\/uploads\/2016\/12\/IMG_4747-300x225.jpg 300w, https:\/\/www.montendre.se\/wp-content\/uploads\/2016\/12\/IMG_4747-268x200.jpg 268w, https:\/\/www.montendre.se\/wp-content\/uploads\/2016\/12\/IMG_4747.jpg 640w\" sizes=\"(max-width: 300px) 100vw, 300px\" \/><\/a><\/p>\n<p>Kanten \u00f6verst p\u00e5 sockelplattorna \u00e4r inte glaserad s\u00e5 den passar inte att ha \u00f6verst. S\u00e5 jag funderar p\u00e5 att l\u00e4gga en plastlist \u00f6verst. Som en kvartsstav i plast 4&#215;4 mm t.ex. Om man nu kan hitta en s\u00e5dan&#8230;<br \/>\n<a href=\"http:\/\/www.montendre.se\/wp-content\/uploads\/2016\/12\/IMG_4748.jpg\"><img loading=\"lazy\" decoding=\"async\" class=\"aligncenter size-medium wp-image-2758\" src=\"http:\/\/www.montendre.se\/wp-content\/uploads\/2016\/12\/IMG_4748-300x225.jpg\" alt=\"IMG_4748\" width=\"300\" height=\"225\" srcset=\"https:\/\/www.montendre.se\/wp-content\/uploads\/2016\/12\/IMG_4748-300x225.jpg 300w, https:\/\/www.montendre.se\/wp-content\/uploads\/2016\/12\/IMG_4748-268x200.jpg 268w, https:\/\/www.montendre.se\/wp-content\/uploads\/2016\/12\/IMG_4748.jpg 640w\" sizes=\"(max-width: 300px) 100vw, 300px\" \/><\/a><\/p>\n<p>Jag har \u00e4ndrat rotationen p\u00e5 duschkaret f\u00f6r att kunna komma \u00e5t avloppet \u00e4ven efter att karet blivit inbyggt. Jag ska g\u00f6ra som en inspektionslucka i duschv\u00e4ggen s\u00e5 kan man via den komma \u00e5t avloppet fr\u00e5n duschen.<\/p>\n<p><a href=\"http:\/\/www.montendre.se\/wp-content\/uploads\/2016\/12\/IMG_4755.jpg\"><img loading=\"lazy\" decoding=\"async\" class=\"aligncenter size-medium wp-image-2770\" src=\"http:\/\/www.montendre.se\/wp-content\/uploads\/2016\/12\/IMG_4755-225x300.jpg\" alt=\"IMG_4755\" width=\"225\" height=\"300\" srcset=\"https:\/\/www.montendre.se\/wp-content\/uploads\/2016\/12\/IMG_4755-225x300.jpg 225w, https:\/\/www.montendre.se\/wp-content\/uploads\/2016\/12\/IMG_4755.jpg 480w\" sizes=\"(max-width: 225px) 100vw, 225px\" \/><\/a><\/p>\n<p>B\u00f6rjat titta mer p\u00e5 kaklingen p\u00e5 handfats- och sovrumsv\u00e4ggarna. Det kommer bli s\u00e5 att jag antingen f\u00e5r ha st\u00f6rre fog (upp till 10mm) p\u00e5 vissa st\u00e4llen eller s\u00e5 m\u00e5ste jag kapa n\u00e5gra sockelplattor i nederkant.\u00a0F\u00f6rmodligen best\u00e4mmer jag mig f\u00f6r\u00a0en kompromiss, upp till 6 mm fog och kapa n\u00e5gra enstaka plattor.<\/p>\n<p>P\u00e5 f\u00f6rsta bilden ser vi plattorna i h\u00f6rnet och d\u00e4r ligger laserlinjen 1-3 mm \u00f6ver plattorna. I n\u00e4sta bild som visar plattorna mitt p\u00e5 v\u00e4ggen ligger laserlinjen 7-8 mm \u00f6ver plattan.<\/p>\n<p><a href=\"http:\/\/www.montendre.se\/wp-content\/uploads\/2016\/12\/IMG_4749.jpg\"><img loading=\"lazy\" decoding=\"async\" class=\"aligncenter size-medium wp-image-2766\" src=\"http:\/\/www.montendre.se\/wp-content\/uploads\/2016\/12\/IMG_4749-300x225.jpg\" alt=\"IMG_4749\" width=\"300\" height=\"225\" srcset=\"https:\/\/www.montendre.se\/wp-content\/uploads\/2016\/12\/IMG_4749-300x225.jpg 300w, https:\/\/www.montendre.se\/wp-content\/uploads\/2016\/12\/IMG_4749-268x200.jpg 268w, https:\/\/www.montendre.se\/wp-content\/uploads\/2016\/12\/IMG_4749.jpg 640w\" sizes=\"(max-width: 300px) 100vw, 300px\" \/><\/a> <a href=\"http:\/\/www.montendre.se\/wp-content\/uploads\/2016\/12\/IMG_4750.jpg\"><img loading=\"lazy\" decoding=\"async\" class=\"aligncenter size-medium wp-image-2767\" src=\"http:\/\/www.montendre.se\/wp-content\/uploads\/2016\/12\/IMG_4750-300x225.jpg\" alt=\"IMG_4750\" width=\"300\" height=\"225\" srcset=\"https:\/\/www.montendre.se\/wp-content\/uploads\/2016\/12\/IMG_4750-300x225.jpg 300w, https:\/\/www.montendre.se\/wp-content\/uploads\/2016\/12\/IMG_4750-268x200.jpg 268w, https:\/\/www.montendre.se\/wp-content\/uploads\/2016\/12\/IMG_4750.jpg 640w\" sizes=\"(max-width: 300px) 100vw, 300px\" \/><\/a><\/p>\n<p>&nbsp;<\/p>\n<p>N\u00e4sta fr\u00e5ga: hur ska man g\u00f6ra vid d\u00f6rren mot balkongen. Ska sockeln sluta vid d\u00f6rr\u00f6ppningen och man har en tr\u00e4list \u00e4nda ner till golvet? Och ingen sockel i g\u00e5ngen ut mot d\u00f6rren?<\/p>\n<p><a href=\"http:\/\/www.montendre.se\/wp-content\/uploads\/2016\/12\/IMG_4752.jpg\"><img loading=\"lazy\" decoding=\"async\" class=\"aligncenter size-medium wp-image-2771\" src=\"http:\/\/www.montendre.se\/wp-content\/uploads\/2016\/12\/IMG_4752-300x225.jpg\" alt=\"IMG_4752\" width=\"300\" height=\"225\" srcset=\"https:\/\/www.montendre.se\/wp-content\/uploads\/2016\/12\/IMG_4752-300x225.jpg 300w, https:\/\/www.montendre.se\/wp-content\/uploads\/2016\/12\/IMG_4752-268x200.jpg 268w, https:\/\/www.montendre.se\/wp-content\/uploads\/2016\/12\/IMG_4752.jpg 640w\" sizes=\"(max-width: 300px) 100vw, 300px\" \/><\/a><\/p>\n<p>Eller ska man l\u00e5ta sockeln forts\u00e4tta med en platta runt h\u00f6rnet? Sista delen n\u00e4rmast\u00a0d\u00f6rren blir ett senare\u00a0problem att l\u00f6sa. (Sockelplattorna ska f\u00f6rst\u00e5s vara gerade om man v\u00e4ljer den h\u00e4r l\u00f6sningen.)<\/p>\n<p><a href=\"http:\/\/www.montendre.se\/wp-content\/uploads\/2016\/12\/IMG_4754.jpg\"><img loading=\"lazy\" decoding=\"async\" class=\"aligncenter size-medium wp-image-2772\" src=\"http:\/\/www.montendre.se\/wp-content\/uploads\/2016\/12\/IMG_4754-300x225.jpg\" alt=\"IMG_4754\" width=\"300\" height=\"225\" srcset=\"https:\/\/www.montendre.se\/wp-content\/uploads\/2016\/12\/IMG_4754-300x225.jpg 300w, https:\/\/www.montendre.se\/wp-content\/uploads\/2016\/12\/IMG_4754-268x200.jpg 268w, https:\/\/www.montendre.se\/wp-content\/uploads\/2016\/12\/IMG_4754.jpg 640w\" sizes=\"(max-width: 300px) 100vw, 300px\" \/><\/a><\/p>\n<p>&nbsp;<\/p>\n<p>Limmat duschavloppet men annars har det mest varit funderande och planerande idag. K\u00f6pte lite grejer som jag ska ha vid n\u00e4sta resa. F\u00f6rra \u00e5ret\u00a0var PointP st\u00e4ngt\u00a0i n\u00e4sta 2 veckor runt jul och ny\u00e5r s\u00e5 lika bra att handla nu.<\/p>\n<p>\u00c4nnu en fr\u00e5ga om kaklet:<\/p>\n<p>Kaklat med halvf\u00f6rband eller rakt?<\/p>\n<p><a href=\"http:\/\/www.montendre.se\/wp-content\/uploads\/2016\/12\/Sk\u00e4rmavbild-2016-12-02-kl.-19.24.191.png\"><img loading=\"lazy\" decoding=\"async\" class=\"aligncenter size-full wp-image-2786\" src=\"http:\/\/www.montendre.se\/wp-content\/uploads\/2016\/12\/Sk\u00e4rmavbild-2016-12-02-kl.-19.24.191.png\" alt=\"Sk\u00e4rmavbild 2016-12-02 kl. 19.24.19\" width=\"285\" height=\"169\" \/><\/a><\/p>\n<p><a href=\"http:\/\/www.montendre.se\/wp-content\/uploads\/2016\/12\/Sk\u00e4rmavbild-2016-12-02-kl.-19.23.331.png\"><img loading=\"lazy\" decoding=\"async\" class=\"aligncenter size-full wp-image-2787\" src=\"http:\/\/www.montendre.se\/wp-content\/uploads\/2016\/12\/Sk\u00e4rmavbild-2016-12-02-kl.-19.23.331.png\" alt=\"Sk\u00e4rmavbild 2016-12-02 kl. 19.23.33\" width=\"151\" height=\"243\" \/><\/a><\/p>\n<p>Middag hemma.<\/p>\n","protected":false},"excerpt":{"rendered":"<p>Kallt i natt och frost i gr\u00e4set i morse. Och is i hinken som jag l\u00e4t st\u00e5 ute i natt. Soligt hela dagen och upp till 8\u00a0grader. Funderade p\u00e5 duschkarets placering och hur kaklet ska &#8221;m\u00f6ta&#8221; karet. \u00c4ven duschv\u00e4ggen kom med i ber\u00e4kningen. Lite l\u00e4skigt att ta f\u00f6rsta steget med &#8230;<\/p>\n","protected":false},"author":1,"featured_media":0,"comment_status":"open","ping_status":"open","sticky":false,"template":"","format":"standard","meta":{"jetpack_post_was_ever_published":false,"_jetpack_newsletter_access":"","_jetpack_dont_email_post_to_subs":false,"_jetpack_newsletter_tier_id":0,"footnotes":""},"categories":[41],"tags":[],"jetpack_sharing_enabled":true,"jetpack_featured_media_url":"","_links":{"self":[{"href":"https:\/\/www.montendre.se\/index.php?rest_route=\/wp\/v2\/posts\/2752"}],"collection":[{"href":"https:\/\/www.montendre.se\/index.php?rest_route=\/wp\/v2\/posts"}],"about":[{"href":"https:\/\/www.montendre.se\/index.php?rest_route=\/wp\/v2\/types\/post"}],"author":[{"embeddable":true,"href":"https:\/\/www.montendre.se\/index.php?rest_route=\/wp\/v2\/users\/1"}],"replies":[{"embeddable":true,"href":"https:\/\/www.montendre.se\/index.php?rest_route=%2Fwp%2Fv2%2Fcomments&post=2752"}],"version-history":[{"count":24,"href":"https:\/\/www.montendre.se\/index.php?rest_route=\/wp\/v2\/posts\/2752\/revisions"}],"predecessor-version":[{"id":2789,"href":"https:\/\/www.montendre.se\/index.php?rest_route=\/wp\/v2\/posts\/2752\/revisions\/2789"}],"wp:attachment":[{"href":"https:\/\/www.montendre.se\/index.php?rest_route=%2Fwp%2Fv2%2Fmedia&parent=2752"}],"wp:term":[{"taxonomy":"category","embeddable":true,"href":"https:\/\/www.montendre.se\/index.php?rest_route=%2Fwp%2Fv2%2Fcategories&post=2752"},{"taxonomy":"post_tag","embeddable":true,"href":"https:\/\/www.montendre.se\/index.php?rest_route=%2Fwp%2Fv2%2Ftags&post=2752"}],"curies":[{"name":"wp","href":"https:\/\/api.w.org\/{rel}","templated":true}]}}