{"id":275,"date":"2012-11-23T22:14:48","date_gmt":"2012-11-23T21:14:48","guid":{"rendered":"http:\/\/www.montendre.se\/?p=275"},"modified":"2013-07-17T14:54:39","modified_gmt":"2013-07-17T12:54:39","slug":"23-november","status":"publish","type":"post","link":"https:\/\/www.montendre.se\/?p=275","title":{"rendered":"23 November"},"content":{"rendered":"<p>I morse planterade jag och Georges valn\u00f6tstr\u00e4det.<a href=\"http:\/\/www.montendre.se\/wp-content\/uploads\/2012\/11\/IMG_2351.jpg\"><img loading=\"lazy\" decoding=\"async\" class=\"aligncenter size-medium wp-image-276\" title=\"IMG_2351\" src=\"http:\/\/www.montendre.se\/wp-content\/uploads\/2012\/11\/IMG_2351-225x300.jpg\" alt=\"\" width=\"225\" height=\"300\" srcset=\"https:\/\/www.montendre.se\/wp-content\/uploads\/2012\/11\/IMG_2351-225x300.jpg 225w, https:\/\/www.montendre.se\/wp-content\/uploads\/2012\/11\/IMG_2351.jpg 480w\" sizes=\"(max-width: 225px) 100vw, 225px\" \/><\/a><\/p>\n<p>Det \u00e4r den tunna pinnen till v\u00e4nster allts\u00e5 \ud83d\ude09<\/p>\n<p>Ska ge n\u00f6tter om cirka 5 \u00e5r tror de som gav det till oss (en av d\u00f6ttrarna till f\u00f6rre \u00e4garen av huset). Och d\u00e5 ska det vara 2-3 meter h\u00f6gt. Vi f\u00e5r v\u00e4l se&#8230;<\/p>\n<p>Idag har det varit molnigt med runt 13-14 grader. P\u00e5 f\u00f6rmiddagen slipade och m\u00e5lade jag i hallen. P\u00e5 eftermiddagen \u00e5kte vi till IKEA. K\u00f6pte madrass till ny-gamla s\u00e4ngen och k\u00f6pte ett enkelt kl\u00e4dsk\u00e5p f\u00f6r 59\u20ac. Och n\u00e5gra lampor som vi kan ha tills vidare.<\/p>\n<p>P\u00e5 kv\u00e4llen \u00e5kte vi och k\u00e4kade i Mosnac p\u00e5 <a href=\"http:\/\/www.restaurant-marcouze.com\">Moulin du Val de Seugne<\/a> som har 3 &#8221;bestick?&#8221; i Michelin guiden. R\u00e4tt speciella smaker med ostron som marinerats i n\u00e5got som liknade inlagd sill-spad med citronsorbet till. Och till biffen var det kastanjer och n\u00e5gon mj\u00f6lig rotfrukt och lingon. Gott!<\/p>\n<p>&nbsp;<\/p>\n","protected":false},"excerpt":{"rendered":"<p>I morse planterade jag och Georges valn\u00f6tstr\u00e4det. Det \u00e4r den tunna pinnen till v\u00e4nster allts\u00e5 \ud83d\ude09 Ska ge n\u00f6tter om cirka 5 \u00e5r tror de som gav det till oss (en av d\u00f6ttrarna till f\u00f6rre \u00e4garen av huset). Och d\u00e5 ska det vara 2-3 meter h\u00f6gt. Vi f\u00e5r v\u00e4l se&#8230; &#8230;<\/p>\n","protected":false},"author":1,"featured_media":0,"comment_status":"open","ping_status":"open","sticky":false,"template":"","format":"standard","meta":{"jetpack_post_was_ever_published":false,"_jetpack_newsletter_access":"","_jetpack_dont_email_post_to_subs":false,"_jetpack_newsletter_tier_id":0,"footnotes":""},"categories":[9],"tags":[],"jetpack_sharing_enabled":true,"jetpack_featured_media_url":"","_links":{"self":[{"href":"https:\/\/www.montendre.se\/index.php?rest_route=\/wp\/v2\/posts\/275"}],"collection":[{"href":"https:\/\/www.montendre.se\/index.php?rest_route=\/wp\/v2\/posts"}],"about":[{"href":"https:\/\/www.montendre.se\/index.php?rest_route=\/wp\/v2\/types\/post"}],"author":[{"embeddable":true,"href":"https:\/\/www.montendre.se\/index.php?rest_route=\/wp\/v2\/users\/1"}],"replies":[{"embeddable":true,"href":"https:\/\/www.montendre.se\/index.php?rest_route=%2Fwp%2Fv2%2Fcomments&post=275"}],"version-history":[{"count":4,"href":"https:\/\/www.montendre.se\/index.php?rest_route=\/wp\/v2\/posts\/275\/revisions"}],"predecessor-version":[{"id":624,"href":"https:\/\/www.montendre.se\/index.php?rest_route=\/wp\/v2\/posts\/275\/revisions\/624"}],"wp:attachment":[{"href":"https:\/\/www.montendre.se\/index.php?rest_route=%2Fwp%2Fv2%2Fmedia&parent=275"}],"wp:term":[{"taxonomy":"category","embeddable":true,"href":"https:\/\/www.montendre.se\/index.php?rest_route=%2Fwp%2Fv2%2Fcategories&post=275"},{"taxonomy":"post_tag","embeddable":true,"href":"https:\/\/www.montendre.se\/index.php?rest_route=%2Fwp%2Fv2%2Ftags&post=275"}],"curies":[{"name":"wp","href":"https:\/\/api.w.org\/{rel}","templated":true}]}}