{"id":2678,"date":"2016-11-13T17:15:13","date_gmt":"2016-11-13T16:15:13","guid":{"rendered":"http:\/\/www.montendre.se\/?p=2678"},"modified":"2016-11-13T18:28:23","modified_gmt":"2016-11-13T17:28:23","slug":"13-november-2016","status":"publish","type":"post","link":"https:\/\/www.montendre.se\/?p=2678","title":{"rendered":"13 november 2016"},"content":{"rendered":"<p>Mest molnigt och lite regn p\u00e5 f\u00f6rmiddagen. 13 grader.<\/p>\n<p>La klart b\u00e5rden och la p\u00e5 mer flytspackel vid balkong-utg\u00e5ngen. B\u00f6rjat fundera p\u00e5 klinkerl\u00e4ggning vid d\u00f6rrarna.<\/p>\n<p>Vid balkongen blir det nog att vi forts\u00e4tter med samma m\u00f6nster som innanf\u00f6r b\u00e5rden.<\/p>\n<p><a href=\"http:\/\/www.montendre.se\/wp-content\/uploads\/2016\/11\/IMG_4683.jpg\"><img loading=\"lazy\" decoding=\"async\" class=\"aligncenter size-medium wp-image-2684\" src=\"http:\/\/www.montendre.se\/wp-content\/uploads\/2016\/11\/IMG_4683-300x225.jpg\" alt=\"IMG_4683\" width=\"300\" height=\"225\" srcset=\"https:\/\/www.montendre.se\/wp-content\/uploads\/2016\/11\/IMG_4683-300x225.jpg 300w, https:\/\/www.montendre.se\/wp-content\/uploads\/2016\/11\/IMG_4683-268x200.jpg 268w, https:\/\/www.montendre.se\/wp-content\/uploads\/2016\/11\/IMG_4683.jpg 640w\" sizes=\"(max-width: 300px) 100vw, 300px\" \/><\/a><\/p>\n<p>Vid d\u00f6rren till hallen \u00e4r det mycket smalare s\u00e5 d\u00e4r funderar vi p\u00e5 antingen helvitt, helsvart eller delar av oktagoner med svarta mellanrum. I bilderna nedan \u00e4r helvita och helsvarta alternativen uppbyggda med de sm\u00e5 plattor vi har. V\u00e4ljer man n\u00e5got av de tv\u00e5 k\u00f6per vi nya stora plattor f\u00f6rst\u00e5s. Synpunkter?<\/p>\n<p>Det ska l\u00e4ggas en tr\u00e4tr\u00f6skel precis vid d\u00f6rrkarmen. D\u00f6rren g\u00e5r in\u00e5t.<\/p>\n<p><a href=\"http:\/\/www.montendre.se\/wp-content\/uploads\/2016\/11\/IMG_4674.jpg\"><img loading=\"lazy\" decoding=\"async\" class=\"aligncenter size-medium wp-image-2679\" src=\"http:\/\/www.montendre.se\/wp-content\/uploads\/2016\/11\/IMG_4674-225x300.jpg\" alt=\"IMG_4674\" width=\"225\" height=\"300\" srcset=\"https:\/\/www.montendre.se\/wp-content\/uploads\/2016\/11\/IMG_4674-225x300.jpg 225w, https:\/\/www.montendre.se\/wp-content\/uploads\/2016\/11\/IMG_4674.jpg 480w\" sizes=\"(max-width: 225px) 100vw, 225px\" \/><\/a><a href=\"http:\/\/www.montendre.se\/wp-content\/uploads\/2016\/11\/IMG_4675.jpg\"><img loading=\"lazy\" decoding=\"async\" class=\"aligncenter size-medium wp-image-2680\" src=\"http:\/\/www.montendre.se\/wp-content\/uploads\/2016\/11\/IMG_4675-225x300.jpg\" alt=\"IMG_4675\" width=\"225\" height=\"300\" srcset=\"https:\/\/www.montendre.se\/wp-content\/uploads\/2016\/11\/IMG_4675-225x300.jpg 225w, https:\/\/www.montendre.se\/wp-content\/uploads\/2016\/11\/IMG_4675.jpg 480w\" sizes=\"(max-width: 225px) 100vw, 225px\" \/><\/a><a href=\"http:\/\/www.montendre.se\/wp-content\/uploads\/2016\/11\/IMG_4677.jpg\"><img loading=\"lazy\" decoding=\"async\" class=\"aligncenter size-medium wp-image-2681\" src=\"http:\/\/www.montendre.se\/wp-content\/uploads\/2016\/11\/IMG_4677-225x300.jpg\" alt=\"IMG_4677\" width=\"225\" height=\"300\" srcset=\"https:\/\/www.montendre.se\/wp-content\/uploads\/2016\/11\/IMG_4677-225x300.jpg 225w, https:\/\/www.montendre.se\/wp-content\/uploads\/2016\/11\/IMG_4677.jpg 480w\" sizes=\"(max-width: 225px) 100vw, 225px\" \/><\/a><\/p>\n<p>Hur g\u00f6r man med skarvarna i h\u00f6rnen mellan\u00a0socklar?<\/p>\n<p><a href=\"http:\/\/www.montendre.se\/wp-content\/uploads\/2016\/11\/IMG_4679.jpg\"><img loading=\"lazy\" decoding=\"async\" class=\"aligncenter size-medium wp-image-2685\" src=\"http:\/\/www.montendre.se\/wp-content\/uploads\/2016\/11\/IMG_4679-225x300.jpg\" alt=\"IMG_4679\" width=\"225\" height=\"300\" srcset=\"https:\/\/www.montendre.se\/wp-content\/uploads\/2016\/11\/IMG_4679-225x300.jpg 225w, https:\/\/www.montendre.se\/wp-content\/uploads\/2016\/11\/IMG_4679.jpg 480w\" sizes=\"(max-width: 225px) 100vw, 225px\" \/><\/a><\/p>\n<p>Fylla med fog? Kapa kanterna i 45 grader?<\/p>\n<p>Rollade p\u00e5 t\u00e4tskikt p\u00e5 v\u00e4ggen vid handfatet.<\/p>\n<p><a href=\"http:\/\/www.montendre.se\/wp-content\/uploads\/2016\/11\/IMG_4686.jpg\"><img loading=\"lazy\" decoding=\"async\" class=\"aligncenter size-medium wp-image-2686\" src=\"http:\/\/www.montendre.se\/wp-content\/uploads\/2016\/11\/IMG_4686-300x225.jpg\" alt=\"IMG_4686\" width=\"300\" height=\"225\" srcset=\"https:\/\/www.montendre.se\/wp-content\/uploads\/2016\/11\/IMG_4686-300x225.jpg 300w, https:\/\/www.montendre.se\/wp-content\/uploads\/2016\/11\/IMG_4686-268x200.jpg 268w, https:\/\/www.montendre.se\/wp-content\/uploads\/2016\/11\/IMG_4686.jpg 640w\" sizes=\"(max-width: 300px) 100vw, 300px\" \/><\/a><\/p>\n<p>L har tagit upp m\u00e5lningen i badrummet p\u00e5 bottenv\u00e5ningen.<\/p>\n<p>Middag hemma.<\/p>\n","protected":false},"excerpt":{"rendered":"<p>Mest molnigt och lite regn p\u00e5 f\u00f6rmiddagen. 13 grader. La klart b\u00e5rden och la p\u00e5 mer flytspackel vid balkong-utg\u00e5ngen. B\u00f6rjat fundera p\u00e5 klinkerl\u00e4ggning vid d\u00f6rrarna. Vid balkongen blir det nog att vi forts\u00e4tter med samma m\u00f6nster som innanf\u00f6r b\u00e5rden. Vid d\u00f6rren till hallen \u00e4r det mycket smalare s\u00e5 d\u00e4r funderar &#8230;<\/p>\n","protected":false},"author":1,"featured_media":0,"comment_status":"open","ping_status":"open","sticky":false,"template":"","format":"standard","meta":{"jetpack_post_was_ever_published":false,"_jetpack_newsletter_access":"","_jetpack_dont_email_post_to_subs":false,"_jetpack_newsletter_tier_id":0,"footnotes":""},"categories":[40],"tags":[],"jetpack_sharing_enabled":true,"jetpack_featured_media_url":"","_links":{"self":[{"href":"https:\/\/www.montendre.se\/index.php?rest_route=\/wp\/v2\/posts\/2678"}],"collection":[{"href":"https:\/\/www.montendre.se\/index.php?rest_route=\/wp\/v2\/posts"}],"about":[{"href":"https:\/\/www.montendre.se\/index.php?rest_route=\/wp\/v2\/types\/post"}],"author":[{"embeddable":true,"href":"https:\/\/www.montendre.se\/index.php?rest_route=\/wp\/v2\/users\/1"}],"replies":[{"embeddable":true,"href":"https:\/\/www.montendre.se\/index.php?rest_route=%2Fwp%2Fv2%2Fcomments&post=2678"}],"version-history":[{"count":5,"href":"https:\/\/www.montendre.se\/index.php?rest_route=\/wp\/v2\/posts\/2678\/revisions"}],"predecessor-version":[{"id":2690,"href":"https:\/\/www.montendre.se\/index.php?rest_route=\/wp\/v2\/posts\/2678\/revisions\/2690"}],"wp:attachment":[{"href":"https:\/\/www.montendre.se\/index.php?rest_route=%2Fwp%2Fv2%2Fmedia&parent=2678"}],"wp:term":[{"taxonomy":"category","embeddable":true,"href":"https:\/\/www.montendre.se\/index.php?rest_route=%2Fwp%2Fv2%2Fcategories&post=2678"},{"taxonomy":"post_tag","embeddable":true,"href":"https:\/\/www.montendre.se\/index.php?rest_route=%2Fwp%2Fv2%2Ftags&post=2678"}],"curies":[{"name":"wp","href":"https:\/\/api.w.org\/{rel}","templated":true}]}}