{"id":2667,"date":"2016-11-11T08:44:41","date_gmt":"2016-11-11T07:44:41","guid":{"rendered":"http:\/\/www.montendre.se\/?p=2667"},"modified":"2016-11-12T08:45:10","modified_gmt":"2016-11-12T07:45:10","slug":"11-november-2016","status":"publish","type":"post","link":"https:\/\/www.montendre.se\/?p=2667","title":{"rendered":"11 november 2016"},"content":{"rendered":"<p>V\u00e4xlande molnighet, 14 grader som mest.<\/p>\n<p>Gick p\u00e5 den stora marknaden (Foire Saint Martin eller Foire d&#8217;Ail) b\u00e5de f\u00f6re lunch och efter lunch. S\u00e5 h\u00e4r s\u00e5g gatan som leder bort mot j\u00e4rnv\u00e4gsstationen ut.<\/p>\n<p><a href=\"http:\/\/www.montendre.se\/wp-content\/uploads\/2016\/11\/IMG_4659.jpg\"><img loading=\"lazy\" decoding=\"async\" class=\"aligncenter size-medium wp-image-2668\" src=\"http:\/\/www.montendre.se\/wp-content\/uploads\/2016\/11\/IMG_4659-225x300.jpg\" alt=\"IMG_4659\" width=\"225\" height=\"300\" srcset=\"https:\/\/www.montendre.se\/wp-content\/uploads\/2016\/11\/IMG_4659-225x300.jpg 225w, https:\/\/www.montendre.se\/wp-content\/uploads\/2016\/11\/IMG_4659.jpg 480w\" sizes=\"(max-width: 225px) 100vw, 225px\" \/><\/a><\/p>\n<p>Utbudet var inte s\u00e5 varierat som vi hade hoppats. V\u00e4ldigt mycket kl\u00e4der och en hel del mat.<\/p>\n<p>Klinkrade b\u00e5rd p\u00e5 sidan ut mot balkongen.<\/p>\n<p><a href=\"http:\/\/www.montendre.se\/wp-content\/uploads\/2016\/11\/IMG_4661.jpg\"><img loading=\"lazy\" decoding=\"async\" class=\"aligncenter size-medium wp-image-2669\" src=\"http:\/\/www.montendre.se\/wp-content\/uploads\/2016\/11\/IMG_4661-225x300.jpg\" alt=\"IMG_4661\" width=\"225\" height=\"300\" srcset=\"https:\/\/www.montendre.se\/wp-content\/uploads\/2016\/11\/IMG_4661-225x300.jpg 225w, https:\/\/www.montendre.se\/wp-content\/uploads\/2016\/11\/IMG_4661.jpg 480w\" sizes=\"(max-width: 225px) 100vw, 225px\" \/><\/a><\/p>\n<p>Middag p\u00e5 baren.<\/p>\n","protected":false},"excerpt":{"rendered":"<p>V\u00e4xlande molnighet, 14 grader som mest. Gick p\u00e5 den stora marknaden (Foire Saint Martin eller Foire d&#8217;Ail) b\u00e5de f\u00f6re lunch och efter lunch. S\u00e5 h\u00e4r s\u00e5g gatan som leder bort mot j\u00e4rnv\u00e4gsstationen ut. Utbudet var inte s\u00e5 varierat som vi hade hoppats. V\u00e4ldigt mycket kl\u00e4der och en hel del mat. &#8230;<\/p>\n","protected":false},"author":1,"featured_media":0,"comment_status":"open","ping_status":"open","sticky":false,"template":"","format":"standard","meta":{"jetpack_post_was_ever_published":false,"_jetpack_newsletter_access":"","_jetpack_dont_email_post_to_subs":false,"_jetpack_newsletter_tier_id":0,"footnotes":""},"categories":[40],"tags":[],"jetpack_sharing_enabled":true,"jetpack_featured_media_url":"","_links":{"self":[{"href":"https:\/\/www.montendre.se\/index.php?rest_route=\/wp\/v2\/posts\/2667"}],"collection":[{"href":"https:\/\/www.montendre.se\/index.php?rest_route=\/wp\/v2\/posts"}],"about":[{"href":"https:\/\/www.montendre.se\/index.php?rest_route=\/wp\/v2\/types\/post"}],"author":[{"embeddable":true,"href":"https:\/\/www.montendre.se\/index.php?rest_route=\/wp\/v2\/users\/1"}],"replies":[{"embeddable":true,"href":"https:\/\/www.montendre.se\/index.php?rest_route=%2Fwp%2Fv2%2Fcomments&post=2667"}],"version-history":[{"count":2,"href":"https:\/\/www.montendre.se\/index.php?rest_route=\/wp\/v2\/posts\/2667\/revisions"}],"predecessor-version":[{"id":2671,"href":"https:\/\/www.montendre.se\/index.php?rest_route=\/wp\/v2\/posts\/2667\/revisions\/2671"}],"wp:attachment":[{"href":"https:\/\/www.montendre.se\/index.php?rest_route=%2Fwp%2Fv2%2Fmedia&parent=2667"}],"wp:term":[{"taxonomy":"category","embeddable":true,"href":"https:\/\/www.montendre.se\/index.php?rest_route=%2Fwp%2Fv2%2Fcategories&post=2667"},{"taxonomy":"post_tag","embeddable":true,"href":"https:\/\/www.montendre.se\/index.php?rest_route=%2Fwp%2Fv2%2Ftags&post=2667"}],"curies":[{"name":"wp","href":"https:\/\/api.w.org\/{rel}","templated":true}]}}