{"id":2658,"date":"2016-11-09T22:02:41","date_gmt":"2016-11-09T21:02:41","guid":{"rendered":"http:\/\/www.montendre.se\/?p=2658"},"modified":"2016-11-09T22:24:42","modified_gmt":"2016-11-09T21:24:42","slug":"9-november-2016","status":"publish","type":"post","link":"https:\/\/www.montendre.se\/?p=2658","title":{"rendered":"9 November 2016"},"content":{"rendered":"<p>Sn\u00f6ov\u00e4der i Stockholm n\u00e4r vi \u00e5kte. Hade t\u00e4nkt ta flygbussen fr\u00e5n Hornstull men n\u00e4r vi kom fram dit var det ganska mycket kaos. Inga vanliga sl-bussar kom och det var tr\u00f6gt i trafiken. S\u00e5 vi beslutade oss f\u00f6r att ta den dyra Arlanda express. \u00c5kte in till T-centralen och hoppade p\u00e5 ett t\u00e5g vid 09:20. Det blev dock f\u00f6rsenat f\u00f6r n\u00e5gon v\u00e4xel som strejkade. Som tur var, var vi ute i v\u00e4ldigt god tid. Planet blev aningen f\u00f6rsenat innan det lyfte fr\u00e5n Arlanda men inga problem med att hinna med n\u00e4sta i Amsterdam.<\/p>\n<p>Sedan var det trafikolycka och j\u00e4ttek\u00f6er p\u00e5 motorv\u00e4gen fr\u00e5n flygplatsen till Montendre. Resan som brukar ta 55 minuter tog 2 timmar och 30 minuter. Hann precis f\u00f6rbi Intermarch\u00e9 f\u00f6r att handla lite frukost. S\u00e5 det var m\u00f6rkt n\u00e4r vi kom fram till huset. 10 grader. N\u00e4r vi landade i Bordeaux var det b\u00e5de sol och regn och 13 grader.<\/p>\n<p>Georges och Lucettes hus \u00e4r nu ute till f\u00f6rs\u00e4ljning. 55.000\u20ac vill de ha. <a href=\"http:\/\/www.fontenoy.com\/detail-bien-a-vendre-6049\">L\u00e4nk till m\u00e4klarens sida.<\/a>\u00a0P\u00e5 bild 4 syns de 2 p\u00e5sk\u00e4gg som vi gav Georges och Lucette \ud83d\ude42<\/p>\n<p>Badrumsgolvet knakar lite orov\u00e4ckande n\u00e4r man g\u00e5r p\u00e5 det nu&#8230; Hmmm&#8230;<\/p>\n<p>K\u00e4kade middag p\u00e5 creperiet.<\/p>\n","protected":false},"excerpt":{"rendered":"<p>Sn\u00f6ov\u00e4der i Stockholm n\u00e4r vi \u00e5kte. Hade t\u00e4nkt ta flygbussen fr\u00e5n Hornstull men n\u00e4r vi kom fram dit var det ganska mycket kaos. Inga vanliga sl-bussar kom och det var tr\u00f6gt i trafiken. S\u00e5 vi beslutade oss f\u00f6r att ta den dyra Arlanda express. \u00c5kte in till T-centralen och hoppade &#8230;<\/p>\n","protected":false},"author":1,"featured_media":0,"comment_status":"open","ping_status":"open","sticky":false,"template":"","format":"standard","meta":{"jetpack_post_was_ever_published":false,"_jetpack_newsletter_access":"","_jetpack_dont_email_post_to_subs":false,"_jetpack_newsletter_tier_id":0,"footnotes":""},"categories":[40],"tags":[],"jetpack_sharing_enabled":true,"jetpack_featured_media_url":"","_links":{"self":[{"href":"https:\/\/www.montendre.se\/index.php?rest_route=\/wp\/v2\/posts\/2658"}],"collection":[{"href":"https:\/\/www.montendre.se\/index.php?rest_route=\/wp\/v2\/posts"}],"about":[{"href":"https:\/\/www.montendre.se\/index.php?rest_route=\/wp\/v2\/types\/post"}],"author":[{"embeddable":true,"href":"https:\/\/www.montendre.se\/index.php?rest_route=\/wp\/v2\/users\/1"}],"replies":[{"embeddable":true,"href":"https:\/\/www.montendre.se\/index.php?rest_route=%2Fwp%2Fv2%2Fcomments&post=2658"}],"version-history":[{"count":2,"href":"https:\/\/www.montendre.se\/index.php?rest_route=\/wp\/v2\/posts\/2658\/revisions"}],"predecessor-version":[{"id":2661,"href":"https:\/\/www.montendre.se\/index.php?rest_route=\/wp\/v2\/posts\/2658\/revisions\/2661"}],"wp:attachment":[{"href":"https:\/\/www.montendre.se\/index.php?rest_route=%2Fwp%2Fv2%2Fmedia&parent=2658"}],"wp:term":[{"taxonomy":"category","embeddable":true,"href":"https:\/\/www.montendre.se\/index.php?rest_route=%2Fwp%2Fv2%2Fcategories&post=2658"},{"taxonomy":"post_tag","embeddable":true,"href":"https:\/\/www.montendre.se\/index.php?rest_route=%2Fwp%2Fv2%2Ftags&post=2658"}],"curies":[{"name":"wp","href":"https:\/\/api.w.org\/{rel}","templated":true}]}}