{"id":2628,"date":"2016-10-05T20:28:09","date_gmt":"2016-10-05T18:28:09","guid":{"rendered":"http:\/\/www.montendre.se\/?p=2628"},"modified":"2016-10-05T20:29:16","modified_gmt":"2016-10-05T18:29:16","slug":"5-oktober-2016","status":"publish","type":"post","link":"https:\/\/www.montendre.se\/?p=2628","title":{"rendered":"5 oktober 2016"},"content":{"rendered":"<p>Lite disigt men 22 grader.<\/p>\n<p>B\u00f6rjade med att l\u00e4gga p\u00e5 mer flytspackel vid utg\u00e5ngen mot balkongen. Speglande blankt n\u00e4r det \u00e4r nylagt.<\/p>\n<p><a href=\"http:\/\/www.montendre.se\/wp-content\/uploads\/2016\/10\/IMG_4630.jpg\"><img loading=\"lazy\" decoding=\"async\" class=\"aligncenter size-medium wp-image-2631\" src=\"http:\/\/www.montendre.se\/wp-content\/uploads\/2016\/10\/IMG_4630-300x225.jpg\" alt=\"IMG_4630\" width=\"300\" height=\"225\" srcset=\"https:\/\/www.montendre.se\/wp-content\/uploads\/2016\/10\/IMG_4630-300x225.jpg 300w, https:\/\/www.montendre.se\/wp-content\/uploads\/2016\/10\/IMG_4630-268x200.jpg 268w, https:\/\/www.montendre.se\/wp-content\/uploads\/2016\/10\/IMG_4630.jpg 640w\" sizes=\"(max-width: 300px) 100vw, 300px\" \/><\/a><\/p>\n<p>Det var v\u00e4l inte helt t\u00e4tt vid kanterna d\u00e4r jag h\u00e4llde p\u00e5 flytspacklet visade det sig sen. En del hade runnit ner p\u00e5 golvet i\u00a0toan.<\/p>\n<p><a href=\"http:\/\/www.montendre.se\/wp-content\/uploads\/2016\/10\/IMG_4632.jpg\"><img loading=\"lazy\" decoding=\"async\" class=\"aligncenter size-medium wp-image-2632\" src=\"http:\/\/www.montendre.se\/wp-content\/uploads\/2016\/10\/IMG_4632-300x225.jpg\" alt=\"IMG_4632\" width=\"300\" height=\"225\" srcset=\"https:\/\/www.montendre.se\/wp-content\/uploads\/2016\/10\/IMG_4632-300x225.jpg 300w, https:\/\/www.montendre.se\/wp-content\/uploads\/2016\/10\/IMG_4632-268x200.jpg 268w, https:\/\/www.montendre.se\/wp-content\/uploads\/2016\/10\/IMG_4632.jpg 640w\" sizes=\"(max-width: 300px) 100vw, 300px\" \/><\/a><\/p>\n<p>La sedan klart huvudm\u00f6nstret p\u00e5 golvet. F\u00e4rdig fram\u00e5t fyratiden.<\/p>\n<p><a href=\"http:\/\/www.montendre.se\/wp-content\/uploads\/2016\/10\/IMG_4635.jpg\"><img loading=\"lazy\" decoding=\"async\" class=\"aligncenter size-medium wp-image-2633\" src=\"http:\/\/www.montendre.se\/wp-content\/uploads\/2016\/10\/IMG_4635-300x225.jpg\" alt=\"IMG_4635\" width=\"300\" height=\"225\" srcset=\"https:\/\/www.montendre.se\/wp-content\/uploads\/2016\/10\/IMG_4635-300x225.jpg 300w, https:\/\/www.montendre.se\/wp-content\/uploads\/2016\/10\/IMG_4635-268x200.jpg 268w, https:\/\/www.montendre.se\/wp-content\/uploads\/2016\/10\/IMG_4635.jpg 640w\" sizes=\"(max-width: 300px) 100vw, 300px\" \/><\/a>Sk\u00f6rdade lite i tr\u00e4dg\u00e5rden idag. Ett p\u00e4ron lossnade n\u00e4r jag r\u00f6rde vid det s\u00e5 det borde vara moget t\u00e4nkte jag. Fikonet var ganska mjukt s\u00e5 d\u00e5 \u00e4r det v\u00e4l moget. Valn\u00f6ten var inte riktigt mogen men jag tog den \u00e4nd\u00e5 eftersom den kommer ha fallit ner till n\u00e4sta g\u00e5ng vi kommer hit.<\/p>\n<p><a href=\"http:\/\/www.montendre.se\/wp-content\/uploads\/2016\/10\/IMG_4637.jpg\"><img loading=\"lazy\" decoding=\"async\" class=\"aligncenter size-medium wp-image-2637\" src=\"http:\/\/www.montendre.se\/wp-content\/uploads\/2016\/10\/IMG_4637-300x225.jpg\" alt=\"IMG_4637\" width=\"300\" height=\"225\" srcset=\"https:\/\/www.montendre.se\/wp-content\/uploads\/2016\/10\/IMG_4637-300x225.jpg 300w, https:\/\/www.montendre.se\/wp-content\/uploads\/2016\/10\/IMG_4637-268x200.jpg 268w, https:\/\/www.montendre.se\/wp-content\/uploads\/2016\/10\/IMG_4637.jpg 640w\" sizes=\"(max-width: 300px) 100vw, 300px\" \/><\/a>Smakade p\u00e4ronet sen och det var gott. Lite tjockt skal men annars bra.<\/p>\n<p>Valn\u00f6ten plockade\u00a0jag ur sitt gr\u00f6na fruktskal.<\/p>\n<p><a href=\"http:\/\/www.montendre.se\/wp-content\/uploads\/2016\/10\/IMG_4638.jpg\"><img loading=\"lazy\" decoding=\"async\" class=\"aligncenter size-medium wp-image-2638\" src=\"http:\/\/www.montendre.se\/wp-content\/uploads\/2016\/10\/IMG_4638-300x225.jpg\" alt=\"IMG_4638\" width=\"300\" height=\"225\" srcset=\"https:\/\/www.montendre.se\/wp-content\/uploads\/2016\/10\/IMG_4638-300x225.jpg 300w, https:\/\/www.montendre.se\/wp-content\/uploads\/2016\/10\/IMG_4638-268x200.jpg 268w, https:\/\/www.montendre.se\/wp-content\/uploads\/2016\/10\/IMG_4638.jpg 640w\" sizes=\"(max-width: 300px) 100vw, 300px\" \/><\/a><\/p>\n<p>Sedan\u00a0ska man l\u00e5ta sj\u00e4lva n\u00f6ten torka ett par dagar eller ett par veckor. Finns lite olika \u00e5sikter i den fr\u00e5gan.<\/p>\n<p>Middag p\u00e5 baren.<\/p>\n","protected":false},"excerpt":{"rendered":"<p>Lite disigt men 22 grader. B\u00f6rjade med att l\u00e4gga p\u00e5 mer flytspackel vid utg\u00e5ngen mot balkongen. Speglande blankt n\u00e4r det \u00e4r nylagt. Det var v\u00e4l inte helt t\u00e4tt vid kanterna d\u00e4r jag h\u00e4llde p\u00e5 flytspacklet visade det sig sen. En del hade runnit ner p\u00e5 golvet i\u00a0toan. La sedan klart &#8230;<\/p>\n","protected":false},"author":1,"featured_media":0,"comment_status":"open","ping_status":"open","sticky":false,"template":"","format":"standard","meta":{"jetpack_post_was_ever_published":false,"_jetpack_newsletter_access":"","_jetpack_dont_email_post_to_subs":false,"_jetpack_newsletter_tier_id":0,"footnotes":""},"categories":[39],"tags":[],"jetpack_sharing_enabled":true,"jetpack_featured_media_url":"","_links":{"self":[{"href":"https:\/\/www.montendre.se\/index.php?rest_route=\/wp\/v2\/posts\/2628"}],"collection":[{"href":"https:\/\/www.montendre.se\/index.php?rest_route=\/wp\/v2\/posts"}],"about":[{"href":"https:\/\/www.montendre.se\/index.php?rest_route=\/wp\/v2\/types\/post"}],"author":[{"embeddable":true,"href":"https:\/\/www.montendre.se\/index.php?rest_route=\/wp\/v2\/users\/1"}],"replies":[{"embeddable":true,"href":"https:\/\/www.montendre.se\/index.php?rest_route=%2Fwp%2Fv2%2Fcomments&post=2628"}],"version-history":[{"count":10,"href":"https:\/\/www.montendre.se\/index.php?rest_route=\/wp\/v2\/posts\/2628\/revisions"}],"predecessor-version":[{"id":2644,"href":"https:\/\/www.montendre.se\/index.php?rest_route=\/wp\/v2\/posts\/2628\/revisions\/2644"}],"wp:attachment":[{"href":"https:\/\/www.montendre.se\/index.php?rest_route=%2Fwp%2Fv2%2Fmedia&parent=2628"}],"wp:term":[{"taxonomy":"category","embeddable":true,"href":"https:\/\/www.montendre.se\/index.php?rest_route=%2Fwp%2Fv2%2Fcategories&post=2628"},{"taxonomy":"post_tag","embeddable":true,"href":"https:\/\/www.montendre.se\/index.php?rest_route=%2Fwp%2Fv2%2Ftags&post=2628"}],"curies":[{"name":"wp","href":"https:\/\/api.w.org\/{rel}","templated":true}]}}