{"id":2617,"date":"2016-10-04T20:28:09","date_gmt":"2016-10-04T18:28:09","guid":{"rendered":"http:\/\/www.montendre.se\/?p=2617"},"modified":"2016-10-23T11:11:04","modified_gmt":"2016-10-23T09:11:04","slug":"4-oktober-2016","status":"publish","type":"post","link":"https:\/\/www.montendre.se\/?p=2617","title":{"rendered":"4 oktober 2016"},"content":{"rendered":"<p>Soligt hela dagen idag ocks\u00e5. 25 grader p\u00e5 eftermiddagen. Men jag \u00e4r ju mest inne s\u00e5 jag m\u00e4rker inte av det s\u00e5 mycket.<\/p>\n<p>Klinkrat hela dagen. Har inte hunnit klart med huvudm\u00f6nstret \u00e4n. H\u00e4r har jag f\u00f6rberett f\u00f6r f\u00f6rsta varvet.<\/p>\n<p><a href=\"http:\/\/www.montendre.se\/wp-content\/uploads\/2016\/10\/IMG_4621.jpg\"><img loading=\"lazy\" decoding=\"async\" class=\"aligncenter size-medium wp-image-2621\" src=\"http:\/\/www.montendre.se\/wp-content\/uploads\/2016\/10\/IMG_4621-300x225.jpg\" alt=\"IMG_4621\" width=\"300\" height=\"225\" srcset=\"https:\/\/www.montendre.se\/wp-content\/uploads\/2016\/10\/IMG_4621-300x225.jpg 300w, https:\/\/www.montendre.se\/wp-content\/uploads\/2016\/10\/IMG_4621-268x200.jpg 268w, https:\/\/www.montendre.se\/wp-content\/uploads\/2016\/10\/IMG_4621.jpg 640w\" sizes=\"(max-width: 300px) 100vw, 300px\" \/><\/a><\/p>\n<p>Klinkerfixet b\u00f6rjar torka efter ungef\u00e4r 30 minuter s\u00e5 jag har blandat till mindre m\u00e4ngder i fem omg\u00e5ngar idag. D\u00e5 hinner jag l\u00e4gga ungef\u00e4r 30-35 vita plattor. (Det \u00e4r totalt 275 vita plattor.)<\/p>\n<p>Och \u00e5tta timmar senare:<\/p>\n<p><a href=\"http:\/\/www.montendre.se\/wp-content\/uploads\/2016\/10\/IMG_4629.jpg\"><img loading=\"lazy\" decoding=\"async\" class=\"aligncenter size-medium wp-image-2622\" src=\"http:\/\/www.montendre.se\/wp-content\/uploads\/2016\/10\/IMG_4629-300x225.jpg\" alt=\"IMG_4629\" width=\"300\" height=\"225\" srcset=\"https:\/\/www.montendre.se\/wp-content\/uploads\/2016\/10\/IMG_4629-300x225.jpg 300w, https:\/\/www.montendre.se\/wp-content\/uploads\/2016\/10\/IMG_4629-268x200.jpg 268w, https:\/\/www.montendre.se\/wp-content\/uploads\/2016\/10\/IMG_4629.jpg 640w\" sizes=\"(max-width: 300px) 100vw, 300px\" \/><\/a><\/p>\n<p>I mitten b\u00f6rjade det bli snett tyckte jag. Skarvarna mellan plattorna blev mindre och mindre. D\u00e5 tog jag en kafferast och vilade lite. Klantade mig vid kaffebryggningen och definierade om begreppet kaffebr\u00f6d \ud83d\ude42<\/p>\n<p><a href=\"http:\/\/www.montendre.se\/wp-content\/uploads\/2016\/10\/IMG_4627-1.jpg\"><img loading=\"lazy\" decoding=\"async\" class=\"aligncenter size-medium wp-image-2624\" src=\"http:\/\/www.montendre.se\/wp-content\/uploads\/2016\/10\/IMG_4627-1-300x225.jpg\" alt=\"IMG_4627 (1)\" width=\"300\" height=\"225\" srcset=\"https:\/\/www.montendre.se\/wp-content\/uploads\/2016\/10\/IMG_4627-1-300x225.jpg 300w, https:\/\/www.montendre.se\/wp-content\/uploads\/2016\/10\/IMG_4627-1-268x200.jpg 268w, https:\/\/www.montendre.se\/wp-content\/uploads\/2016\/10\/IMG_4627-1.jpg 640w\" sizes=\"(max-width: 300px) 100vw, 300px\" \/><\/a><\/p>\n<p>M\u00e4tte sedan alla sidor och vinklar p\u00e5 det jag hade lagt och kom fram till att det inte var n\u00e5got fel p\u00e5 l\u00e4ggningen. Plattorna har ju ett maxfel p\u00e5 1% vilket \u00e4r 1,5 mm per platta s\u00e5 det kan ju bli lite konstigt ibland om slumpen g\u00f6r att man r\u00e5kar l\u00e4gga flera lite mindre eller lite st\u00f6rre plattor p\u00e5 samma st\u00e4lle.<\/p>\n<p>S\u00e5 sedan gick det b\u00e4ttre igen. Har 2-3 omg\u00e5ngar kvar att g\u00f6ra i morgon innan huvudm\u00f6nstret \u00e4r klart.<\/p>\n<p>Middag p\u00e5 creperiet. Var ett norskt par d\u00e4r och \u00e5t.<\/p>\n<p>&nbsp;<\/p>\n<p>(De som tror p\u00e5 konspirationsteorin &#8221;chemtrails&#8221; m\u00e5ste haft en sv\u00e5r dag idag. M\u00e5nga streck efter flygplan i luften.<\/p>\n<p><a href=\"http:\/\/www.montendre.se\/wp-content\/uploads\/2016\/10\/IMG_4624.jpg\"><img loading=\"lazy\" decoding=\"async\" class=\"aligncenter size-medium wp-image-2625\" src=\"http:\/\/www.montendre.se\/wp-content\/uploads\/2016\/10\/IMG_4624-300x225.jpg\" alt=\"IMG_4624\" width=\"300\" height=\"225\" srcset=\"https:\/\/www.montendre.se\/wp-content\/uploads\/2016\/10\/IMG_4624-300x225.jpg 300w, https:\/\/www.montendre.se\/wp-content\/uploads\/2016\/10\/IMG_4624-268x200.jpg 268w, https:\/\/www.montendre.se\/wp-content\/uploads\/2016\/10\/IMG_4624.jpg 640w\" sizes=\"(max-width: 300px) 100vw, 300px\" \/><\/a>)<\/p>\n","protected":false},"excerpt":{"rendered":"<p>Soligt hela dagen idag ocks\u00e5. 25 grader p\u00e5 eftermiddagen. Men jag \u00e4r ju mest inne s\u00e5 jag m\u00e4rker inte av det s\u00e5 mycket. Klinkrat hela dagen. Har inte hunnit klart med huvudm\u00f6nstret \u00e4n. H\u00e4r har jag f\u00f6rberett f\u00f6r f\u00f6rsta varvet. Klinkerfixet b\u00f6rjar torka efter ungef\u00e4r 30 minuter s\u00e5 jag har &#8230;<\/p>\n","protected":false},"author":1,"featured_media":0,"comment_status":"open","ping_status":"open","sticky":false,"template":"","format":"standard","meta":{"jetpack_post_was_ever_published":false,"_jetpack_newsletter_access":"","_jetpack_dont_email_post_to_subs":false,"_jetpack_newsletter_tier_id":0,"footnotes":""},"categories":[39],"tags":[],"jetpack_sharing_enabled":true,"jetpack_featured_media_url":"","_links":{"self":[{"href":"https:\/\/www.montendre.se\/index.php?rest_route=\/wp\/v2\/posts\/2617"}],"collection":[{"href":"https:\/\/www.montendre.se\/index.php?rest_route=\/wp\/v2\/posts"}],"about":[{"href":"https:\/\/www.montendre.se\/index.php?rest_route=\/wp\/v2\/types\/post"}],"author":[{"embeddable":true,"href":"https:\/\/www.montendre.se\/index.php?rest_route=\/wp\/v2\/users\/1"}],"replies":[{"embeddable":true,"href":"https:\/\/www.montendre.se\/index.php?rest_route=%2Fwp%2Fv2%2Fcomments&post=2617"}],"version-history":[{"count":5,"href":"https:\/\/www.montendre.se\/index.php?rest_route=\/wp\/v2\/posts\/2617\/revisions"}],"predecessor-version":[{"id":2656,"href":"https:\/\/www.montendre.se\/index.php?rest_route=\/wp\/v2\/posts\/2617\/revisions\/2656"}],"wp:attachment":[{"href":"https:\/\/www.montendre.se\/index.php?rest_route=%2Fwp%2Fv2%2Fmedia&parent=2617"}],"wp:term":[{"taxonomy":"category","embeddable":true,"href":"https:\/\/www.montendre.se\/index.php?rest_route=%2Fwp%2Fv2%2Fcategories&post=2617"},{"taxonomy":"post_tag","embeddable":true,"href":"https:\/\/www.montendre.se\/index.php?rest_route=%2Fwp%2Fv2%2Ftags&post=2617"}],"curies":[{"name":"wp","href":"https:\/\/api.w.org\/{rel}","templated":true}]}}