{"id":2590,"date":"2016-10-02T21:00:49","date_gmt":"2016-10-02T19:00:49","guid":{"rendered":"http:\/\/www.montendre.se\/?p=2590"},"modified":"2016-10-02T21:03:23","modified_gmt":"2016-10-02T19:03:23","slug":"2-oktober-2016","status":"publish","type":"post","link":"https:\/\/www.montendre.se\/?p=2590","title":{"rendered":"2 oktober 2016"},"content":{"rendered":"<p>Lite regn p\u00e5 morgonen. Sol fram\u00e5t lunch och resten av dagen, 21 grader.<\/p>\n<p>Kontrollm\u00e4tt och justerat vissa linjer f\u00f6r badrumsgolvet. Dragit upp golvlinjerna p\u00e5 v\u00e4ggarna eftersom det kommer vara sv\u00e5rt att se linjerna genom t\u00e4tskiktet.<\/p>\n<p>De h\u00e5ller p\u00e5 att renovera avloppssystemet ute i gatan.<\/p>\n<p><a href=\"http:\/\/www.montendre.se\/wp-content\/uploads\/2016\/10\/IMG_4612.jpg\"><img loading=\"lazy\" decoding=\"async\" class=\"aligncenter size-medium wp-image-2608\" src=\"http:\/\/www.montendre.se\/wp-content\/uploads\/2016\/10\/IMG_4612-300x225.jpg\" alt=\"IMG_4612\" width=\"300\" height=\"225\" srcset=\"https:\/\/www.montendre.se\/wp-content\/uploads\/2016\/10\/IMG_4612-300x225.jpg 300w, https:\/\/www.montendre.se\/wp-content\/uploads\/2016\/10\/IMG_4612-268x200.jpg 268w, https:\/\/www.montendre.se\/wp-content\/uploads\/2016\/10\/IMG_4612.jpg 640w\" sizes=\"(max-width: 300px) 100vw, 300px\" \/><\/a>Och det verkar som de lyckats k\u00f6ra p\u00e5 v\u00e5r grind och kn\u00e4ckt den lite grand. Om den var sv\u00e5r att st\u00e4nga f\u00f6rr, \u00e4r den om\u00f6jlig att st\u00e4nga nu&#8230;<\/p>\n<p><a href=\"http:\/\/www.montendre.se\/wp-content\/uploads\/2016\/10\/IMG_4610.jpg\"><img loading=\"lazy\" decoding=\"async\" class=\"aligncenter size-medium wp-image-2607\" src=\"http:\/\/www.montendre.se\/wp-content\/uploads\/2016\/10\/IMG_4610-300x225.jpg\" alt=\"IMG_4610\" width=\"300\" height=\"225\" srcset=\"https:\/\/www.montendre.se\/wp-content\/uploads\/2016\/10\/IMG_4610-300x225.jpg 300w, https:\/\/www.montendre.se\/wp-content\/uploads\/2016\/10\/IMG_4610-268x200.jpg 268w, https:\/\/www.montendre.se\/wp-content\/uploads\/2016\/10\/IMG_4610.jpg 640w\" sizes=\"(max-width: 300px) 100vw, 300px\" \/><\/a><\/p>\n<p>Hittade sp\u00e5r av tr\u00e4mask igen.<\/p>\n<p><a href=\"http:\/\/www.montendre.se\/wp-content\/uploads\/2016\/10\/IMG_4581.jpg\"><img loading=\"lazy\" decoding=\"async\" class=\"aligncenter size-medium wp-image-2595\" src=\"http:\/\/www.montendre.se\/wp-content\/uploads\/2016\/10\/IMG_4581-225x300.jpg\" alt=\"IMG_4581\" width=\"225\" height=\"300\" srcset=\"https:\/\/www.montendre.se\/wp-content\/uploads\/2016\/10\/IMG_4581-225x300.jpg 225w, https:\/\/www.montendre.se\/wp-content\/uploads\/2016\/10\/IMG_4581.jpg 480w\" sizes=\"(max-width: 225px) 100vw, 225px\" \/><\/a><\/p>\n<p>Trodde det var i golvet men det fanns inga h\u00e5l under s\u00e5gsp\u00e5nsh\u00f6garna. S\u00e5 tr\u00e4masken har varit i d\u00f6rren som st\u00e5tt \u00f6ppen in mot matrummet.<\/p>\n<p>F\u00f6rberett f\u00f6r applicering av t\u00e4tskikt.<\/p>\n<p><a href=\"http:\/\/www.montendre.se\/wp-content\/uploads\/2016\/10\/IMG_4585.jpg\"><img loading=\"lazy\" decoding=\"async\" class=\"aligncenter size-medium wp-image-2594\" src=\"http:\/\/www.montendre.se\/wp-content\/uploads\/2016\/10\/IMG_4585-300x225.jpg\" alt=\"IMG_4585\" width=\"300\" height=\"225\" srcset=\"https:\/\/www.montendre.se\/wp-content\/uploads\/2016\/10\/IMG_4585-300x225.jpg 300w, https:\/\/www.montendre.se\/wp-content\/uploads\/2016\/10\/IMG_4585-268x200.jpg 268w, https:\/\/www.montendre.se\/wp-content\/uploads\/2016\/10\/IMG_4585.jpg 640w\" sizes=\"(max-width: 300px) 100vw, 300px\" \/><\/a>Fixat med remsorna i skarven golv\/v\u00e4gg.<\/p>\n<p><a href=\"http:\/\/www.montendre.se\/wp-content\/uploads\/2016\/10\/IMG_4589.jpg\"><img loading=\"lazy\" decoding=\"async\" class=\"aligncenter size-medium wp-image-2596\" src=\"http:\/\/www.montendre.se\/wp-content\/uploads\/2016\/10\/IMG_4589-300x225.jpg\" alt=\"IMG_4589\" width=\"300\" height=\"225\" srcset=\"https:\/\/www.montendre.se\/wp-content\/uploads\/2016\/10\/IMG_4589-300x225.jpg 300w, https:\/\/www.montendre.se\/wp-content\/uploads\/2016\/10\/IMG_4589-268x200.jpg 268w, https:\/\/www.montendre.se\/wp-content\/uploads\/2016\/10\/IMG_4589.jpg 640w\" sizes=\"(max-width: 300px) 100vw, 300px\" \/><\/a><\/p>\n<p>Och s\u00e5 hela golvet t\u00e4ckt med t\u00e4tskikt.<\/p>\n<p><a href=\"http:\/\/www.montendre.se\/wp-content\/uploads\/2016\/10\/IMG_4592.jpg\"><img loading=\"lazy\" decoding=\"async\" class=\"aligncenter size-medium wp-image-2597\" src=\"http:\/\/www.montendre.se\/wp-content\/uploads\/2016\/10\/IMG_4592-300x225.jpg\" alt=\"IMG_4592\" width=\"300\" height=\"225\" srcset=\"https:\/\/www.montendre.se\/wp-content\/uploads\/2016\/10\/IMG_4592-300x225.jpg 300w, https:\/\/www.montendre.se\/wp-content\/uploads\/2016\/10\/IMG_4592-268x200.jpg 268w, https:\/\/www.montendre.se\/wp-content\/uploads\/2016\/10\/IMG_4592.jpg 640w\" sizes=\"(max-width: 300px) 100vw, 300px\" \/><\/a><\/p>\n<p>Ska l\u00e4gga p\u00e5 ett andra lager ocks\u00e5 idag.<\/p>\n<p>Testade att kapa klinker med nya kapskivan. Blev kanske marginellt b\u00e4ttre men det \u00e4r fortfarande sm\u00e5 flisor som sl\u00e5s ut fr\u00e5n kanten. Kanske blir s\u00e5 med den h\u00e4r typen av klinker? (Klicka p\u00e5 bilden f\u00f6r att f\u00f6rstora den.)<\/p>\n<p><a href=\"http:\/\/www.montendre.se\/wp-content\/uploads\/2016\/10\/IMG_4598.jpg\"><img loading=\"lazy\" decoding=\"async\" class=\"aligncenter size-medium wp-image-2598\" src=\"http:\/\/www.montendre.se\/wp-content\/uploads\/2016\/10\/IMG_4598-225x300.jpg\" alt=\"IMG_4598\" width=\"225\" height=\"300\" srcset=\"https:\/\/www.montendre.se\/wp-content\/uploads\/2016\/10\/IMG_4598-225x300.jpg 225w, https:\/\/www.montendre.se\/wp-content\/uploads\/2016\/10\/IMG_4598-768x1024.jpg 768w, https:\/\/www.montendre.se\/wp-content\/uploads\/2016\/10\/IMG_4598-700x933.jpg 700w, https:\/\/www.montendre.se\/wp-content\/uploads\/2016\/10\/IMG_4598.jpg 960w\" sizes=\"(max-width: 225px) 100vw, 225px\" \/><\/a>S\u00e5 h\u00e4r snygg brottyta blev det ju med kakelkap med sk\u00e4rtrissa och d\u00e4r man sedan kn\u00e4cker skivan:<\/p>\n<p><a href=\"http:\/\/www.montendre.se\/wp-content\/uploads\/2016\/10\/IMG_4600.jpg\"><img loading=\"lazy\" decoding=\"async\" class=\"aligncenter size-medium wp-image-2599\" src=\"http:\/\/www.montendre.se\/wp-content\/uploads\/2016\/10\/IMG_4600-225x300.jpg\" alt=\"IMG_4600\" width=\"225\" height=\"300\" srcset=\"https:\/\/www.montendre.se\/wp-content\/uploads\/2016\/10\/IMG_4600-225x300.jpg 225w, https:\/\/www.montendre.se\/wp-content\/uploads\/2016\/10\/IMG_4600-768x1024.jpg 768w, https:\/\/www.montendre.se\/wp-content\/uploads\/2016\/10\/IMG_4600-700x933.jpg 700w, https:\/\/www.montendre.se\/wp-content\/uploads\/2016\/10\/IMG_4600.jpg 960w\" sizes=\"(max-width: 225px) 100vw, 225px\" \/><\/a><\/p>\n<p>Problemet \u00e4r bara att det \u00e4r v\u00e4ldigt tungt att ritsa med sk\u00e4rtrissan eftersom man m\u00e5ste g\u00e5 r\u00e4tt djupt n\u00e4r man har 9mm klinker. Och ibland n\u00e4r man kn\u00e4cker plattan s\u00e5 spricker den helt och h\u00e5llet.<\/p>\n<p>Flytspacklade vid tr\u00f6skeln i badrummet ut mot balkongen. Det var kul. Bara h\u00e4lla ut och se till s\u00e5 hela ytan t\u00e4cktes. Sedan blev det j\u00e4mnt och fint av sig sj\u00e4lv.<\/p>\n<p><a href=\"http:\/\/www.montendre.se\/wp-content\/uploads\/2016\/10\/IMG_4602.jpg\"><img loading=\"lazy\" decoding=\"async\" class=\"aligncenter size-medium wp-image-2601\" src=\"http:\/\/www.montendre.se\/wp-content\/uploads\/2016\/10\/IMG_4602-300x225.jpg\" alt=\"IMG_4602\" width=\"300\" height=\"225\" srcset=\"https:\/\/www.montendre.se\/wp-content\/uploads\/2016\/10\/IMG_4602-300x225.jpg 300w, https:\/\/www.montendre.se\/wp-content\/uploads\/2016\/10\/IMG_4602-268x200.jpg 268w, https:\/\/www.montendre.se\/wp-content\/uploads\/2016\/10\/IMG_4602.jpg 640w\" sizes=\"(max-width: 300px) 100vw, 300px\" \/><\/a><\/p>\n<p>Andra lagret klart. Med manschetter runt r\u00f6ren.<\/p>\n<p><a href=\"http:\/\/www.montendre.se\/wp-content\/uploads\/2016\/10\/IMG_4603.jpg\"><img loading=\"lazy\" decoding=\"async\" class=\"aligncenter size-medium wp-image-2603\" src=\"http:\/\/www.montendre.se\/wp-content\/uploads\/2016\/10\/IMG_4603-300x225.jpg\" alt=\"IMG_4603\" width=\"300\" height=\"225\" srcset=\"https:\/\/www.montendre.se\/wp-content\/uploads\/2016\/10\/IMG_4603-300x225.jpg 300w, https:\/\/www.montendre.se\/wp-content\/uploads\/2016\/10\/IMG_4603-268x200.jpg 268w, https:\/\/www.montendre.se\/wp-content\/uploads\/2016\/10\/IMG_4603.jpg 640w\" sizes=\"(max-width: 300px) 100vw, 300px\" \/><\/a>I ett h\u00e5l d\u00e4r\u00a0r\u00f6rmokaren testborrat, var jag tvungen att fylla igen med n\u00e5got f\u00f6r att f\u00e5 t\u00e4tskiktet att f\u00e4sta. Blev en del av en vinkork (Chateau Peyrabon 2009). Kan man t\u00e4nka p\u00e5 varje g\u00e5ng man duschar d\u00e4r. Golv av Peyrabon-vinkork&#8230;<\/p>\n<p>Hade t\u00e4nkt g\u00e5 p\u00e5 creperiet och \u00e4ta men de hade nya \u00f6ppettider och st\u00e4ngt p\u00e5 s\u00f6ndagar. Fick bli pizza hemma ist\u00e4llet.<\/p>\n","protected":false},"excerpt":{"rendered":"<p>Lite regn p\u00e5 morgonen. Sol fram\u00e5t lunch och resten av dagen, 21 grader. Kontrollm\u00e4tt och justerat vissa linjer f\u00f6r badrumsgolvet. Dragit upp golvlinjerna p\u00e5 v\u00e4ggarna eftersom det kommer vara sv\u00e5rt att se linjerna genom t\u00e4tskiktet. De h\u00e5ller p\u00e5 att renovera avloppssystemet ute i gatan. Och det verkar som de lyckats &#8230;<\/p>\n","protected":false},"author":1,"featured_media":0,"comment_status":"open","ping_status":"open","sticky":false,"template":"","format":"standard","meta":{"jetpack_post_was_ever_published":false,"_jetpack_newsletter_access":"","_jetpack_dont_email_post_to_subs":false,"_jetpack_newsletter_tier_id":0,"footnotes":""},"categories":[39],"tags":[],"jetpack_sharing_enabled":true,"jetpack_featured_media_url":"","_links":{"self":[{"href":"https:\/\/www.montendre.se\/index.php?rest_route=\/wp\/v2\/posts\/2590"}],"collection":[{"href":"https:\/\/www.montendre.se\/index.php?rest_route=\/wp\/v2\/posts"}],"about":[{"href":"https:\/\/www.montendre.se\/index.php?rest_route=\/wp\/v2\/types\/post"}],"author":[{"embeddable":true,"href":"https:\/\/www.montendre.se\/index.php?rest_route=\/wp\/v2\/users\/1"}],"replies":[{"embeddable":true,"href":"https:\/\/www.montendre.se\/index.php?rest_route=%2Fwp%2Fv2%2Fcomments&post=2590"}],"version-history":[{"count":9,"href":"https:\/\/www.montendre.se\/index.php?rest_route=\/wp\/v2\/posts\/2590\/revisions"}],"predecessor-version":[{"id":2610,"href":"https:\/\/www.montendre.se\/index.php?rest_route=\/wp\/v2\/posts\/2590\/revisions\/2610"}],"wp:attachment":[{"href":"https:\/\/www.montendre.se\/index.php?rest_route=%2Fwp%2Fv2%2Fmedia&parent=2590"}],"wp:term":[{"taxonomy":"category","embeddable":true,"href":"https:\/\/www.montendre.se\/index.php?rest_route=%2Fwp%2Fv2%2Fcategories&post=2590"},{"taxonomy":"post_tag","embeddable":true,"href":"https:\/\/www.montendre.se\/index.php?rest_route=%2Fwp%2Fv2%2Ftags&post=2590"}],"curies":[{"name":"wp","href":"https:\/\/api.w.org\/{rel}","templated":true}]}}