{"id":252,"date":"2012-11-19T20:22:59","date_gmt":"2012-11-19T19:22:59","guid":{"rendered":"http:\/\/www.montendre.se\/?p=252"},"modified":"2013-07-17T14:53:52","modified_gmt":"2013-07-17T12:53:52","slug":"19-november","status":"publish","type":"post","link":"https:\/\/www.montendre.se\/?p=252","title":{"rendered":"19 november"},"content":{"rendered":"<p>Flyget ner var f\u00f6rsenat p\u00e5 grund av dimma i Paris s\u00e5 vi var lite oroliga f\u00f6r att missa t\u00e5get men det gick bra \u00e4nd\u00e5. Framme i huset vid 15:00.<\/p>\n<p>V\u00e4ldigt gr\u00f6nt! P\u00e5 sj\u00e4lva uppfarten, som brukar var gr\u00e5 av grus, var det gr\u00f6nt. Mestadels mossa men lite gr\u00e4s. Samma g\u00e4ller &#8221;uteplatsen&#8221;, gr\u00f6nt, gr\u00f6nt, gr\u00f6nt.<\/p>\n<p><a href=\"http:\/\/www.montendre.se\/wp-content\/uploads\/2012\/11\/IMG_2342.jpg\"><img loading=\"lazy\" decoding=\"async\" class=\"aligncenter size-medium wp-image-255\" title=\"IMG_2342\" src=\"http:\/\/www.montendre.se\/wp-content\/uploads\/2012\/11\/IMG_2342-300x225.jpg\" alt=\"\" width=\"300\" height=\"225\" srcset=\"https:\/\/www.montendre.se\/wp-content\/uploads\/2012\/11\/IMG_2342-300x225.jpg 300w, https:\/\/www.montendre.se\/wp-content\/uploads\/2012\/11\/IMG_2342-1024x768.jpg 1024w, https:\/\/www.montendre.se\/wp-content\/uploads\/2012\/11\/IMG_2342-268x200.jpg 268w, https:\/\/www.montendre.se\/wp-content\/uploads\/2012\/11\/IMG_2342-700x525.jpg 700w\" sizes=\"(max-width: 300px) 100vw, 300px\" \/><\/a><\/p>\n<p>Huset i bra skick. Hyfsat varmt inomhus. Sol och 14 grader ute n\u00e4r vi kom.<\/p>\n<p>Inte gjort s\u00e5 mycket, men jag gick och pratade med Albert s\u00e5 han kommer hit i morgon bitti och kollar p\u00e5 handfatet p\u00e5 toaletten h\u00e4r nere.<\/p>\n<p>Sk\u00f6rdade lite gr\u00f6nsaker till middagen, mor\u00f6tter, purjol\u00f6k och sallat.<\/p>\n<p><a href=\"http:\/\/www.montendre.se\/wp-content\/uploads\/2012\/11\/IMG_2340.jpg\"><img loading=\"lazy\" decoding=\"async\" class=\"aligncenter size-medium wp-image-253\" title=\"IMG_2340\" src=\"http:\/\/www.montendre.se\/wp-content\/uploads\/2012\/11\/IMG_2340-225x300.jpg\" alt=\"\" width=\"225\" height=\"300\" srcset=\"https:\/\/www.montendre.se\/wp-content\/uploads\/2012\/11\/IMG_2340-225x300.jpg 225w, https:\/\/www.montendre.se\/wp-content\/uploads\/2012\/11\/IMG_2340-768x1024.jpg 768w, https:\/\/www.montendre.se\/wp-content\/uploads\/2012\/11\/IMG_2340-700x933.jpg 700w\" sizes=\"(max-width: 225px) 100vw, 225px\" \/><\/a><\/p>\n<p>Pratade med Georg och Lucette f\u00f6rst\u00e5s. De har bokat in en &#8221;tr\u00e4ff&#8221; med f\u00f6re detta \u00e4garens d\u00f6ttrar. Vi ska f\u00e5 en valn\u00f6tstr\u00e4dsplanta av dem. Och s\u00e5 \u00e4r det f\u00f6rst\u00e5s kul att tr\u00e4ffa dem.<\/p>\n<p>&nbsp;<\/p>\n","protected":false},"excerpt":{"rendered":"<p>Flyget ner var f\u00f6rsenat p\u00e5 grund av dimma i Paris s\u00e5 vi var lite oroliga f\u00f6r att missa t\u00e5get men det gick bra \u00e4nd\u00e5. Framme i huset vid 15:00. V\u00e4ldigt gr\u00f6nt! P\u00e5 sj\u00e4lva uppfarten, som brukar var gr\u00e5 av grus, var det gr\u00f6nt. Mestadels mossa men lite gr\u00e4s. Samma g\u00e4ller &#8230;<\/p>\n","protected":false},"author":1,"featured_media":0,"comment_status":"open","ping_status":"open","sticky":false,"template":"","format":"standard","meta":{"jetpack_post_was_ever_published":false,"_jetpack_newsletter_access":"","_jetpack_dont_email_post_to_subs":false,"_jetpack_newsletter_tier_id":0,"footnotes":""},"categories":[9],"tags":[],"jetpack_sharing_enabled":true,"jetpack_featured_media_url":"","_links":{"self":[{"href":"https:\/\/www.montendre.se\/index.php?rest_route=\/wp\/v2\/posts\/252"}],"collection":[{"href":"https:\/\/www.montendre.se\/index.php?rest_route=\/wp\/v2\/posts"}],"about":[{"href":"https:\/\/www.montendre.se\/index.php?rest_route=\/wp\/v2\/types\/post"}],"author":[{"embeddable":true,"href":"https:\/\/www.montendre.se\/index.php?rest_route=\/wp\/v2\/users\/1"}],"replies":[{"embeddable":true,"href":"https:\/\/www.montendre.se\/index.php?rest_route=%2Fwp%2Fv2%2Fcomments&post=252"}],"version-history":[{"count":5,"href":"https:\/\/www.montendre.se\/index.php?rest_route=\/wp\/v2\/posts\/252\/revisions"}],"predecessor-version":[{"id":616,"href":"https:\/\/www.montendre.se\/index.php?rest_route=\/wp\/v2\/posts\/252\/revisions\/616"}],"wp:attachment":[{"href":"https:\/\/www.montendre.se\/index.php?rest_route=%2Fwp%2Fv2%2Fmedia&parent=252"}],"wp:term":[{"taxonomy":"category","embeddable":true,"href":"https:\/\/www.montendre.se\/index.php?rest_route=%2Fwp%2Fv2%2Fcategories&post=252"},{"taxonomy":"post_tag","embeddable":true,"href":"https:\/\/www.montendre.se\/index.php?rest_route=%2Fwp%2Fv2%2Ftags&post=252"}],"curies":[{"name":"wp","href":"https:\/\/api.w.org\/{rel}","templated":true}]}}