{"id":2514,"date":"2016-08-28T21:16:04","date_gmt":"2016-08-28T19:16:04","guid":{"rendered":"http:\/\/www.montendre.se\/?p=2514"},"modified":"2016-08-28T21:23:59","modified_gmt":"2016-08-28T19:23:59","slug":"28-augusti-2016","status":"publish","type":"post","link":"https:\/\/www.montendre.se\/?p=2514","title":{"rendered":"28 augusti 2016"},"content":{"rendered":"<p>V\u00e4xlande molnighet idag. Lite mindre varmt, 28 grader som varmast.<\/p>\n<p>\u00c5kte p\u00e5 loppmarknad i Ozillac p\u00e5 f\u00f6rmiddagen. L k\u00f6pte tv\u00e5 krukor. Sedan lunch hemma.<\/p>\n<p>Har h\u00e5llit p\u00e5 och provkapat klinkerplattor och r\u00e4knat och r\u00e4knat. Kakelkapen redo!<\/p>\n<p><a href=\"http:\/\/www.montendre.se\/wp-content\/uploads\/2016\/08\/IMG_4523.jpg\"><img loading=\"lazy\" decoding=\"async\" class=\"aligncenter size-medium wp-image-2516\" src=\"http:\/\/www.montendre.se\/wp-content\/uploads\/2016\/08\/IMG_4523-225x300.jpg\" alt=\"IMG_4523\" width=\"225\" height=\"300\" srcset=\"https:\/\/www.montendre.se\/wp-content\/uploads\/2016\/08\/IMG_4523-225x300.jpg 225w, https:\/\/www.montendre.se\/wp-content\/uploads\/2016\/08\/IMG_4523.jpg 480w\" sizes=\"(max-width: 225px) 100vw, 225px\" \/><\/a><\/p>\n<p>Testat p\u00e5 vit klinker. Blir lite flisor ibland (syns bl.a. vid orange f\u00e4lt i bilden nedan). Vet inte om det beror p\u00e5 att jag k\u00f6r f\u00f6r fort eller f\u00f6r l\u00e5ngsamt.<\/p>\n<p><a href=\"http:\/\/www.montendre.se\/wp-content\/uploads\/2016\/08\/IMG_4524.jpg\"><img loading=\"lazy\" decoding=\"async\" class=\"aligncenter size-medium wp-image-2517\" src=\"http:\/\/www.montendre.se\/wp-content\/uploads\/2016\/08\/IMG_4524-225x300.jpg\" alt=\"IMG_4524\" width=\"225\" height=\"300\" srcset=\"https:\/\/www.montendre.se\/wp-content\/uploads\/2016\/08\/IMG_4524-225x300.jpg 225w, https:\/\/www.montendre.se\/wp-content\/uploads\/2016\/08\/IMG_4524.jpg 480w\" sizes=\"(max-width: 225px) 100vw, 225px\" \/><\/a><\/p>\n<p>Och med den plan jag hade skulle det blivit l\u00f6jligt sm\u00e5 svarta trianglar (mellan b\u00e5rden och huvudm\u00f6nstret). Sv\u00e5ra att kapa till. Dessutom hade en del av b\u00e5rden dolts av sockeln p\u00e5 v\u00e4ggen. Se nedan:<\/p>\n<p><a href=\"http:\/\/www.montendre.se\/wp-content\/uploads\/2016\/08\/IMG_4525.jpg\"><img loading=\"lazy\" decoding=\"async\" class=\"aligncenter size-medium wp-image-2518\" src=\"http:\/\/www.montendre.se\/wp-content\/uploads\/2016\/08\/IMG_4525-225x300.jpg\" alt=\"IMG_4525\" width=\"225\" height=\"300\" srcset=\"https:\/\/www.montendre.se\/wp-content\/uploads\/2016\/08\/IMG_4525-225x300.jpg 225w, https:\/\/www.montendre.se\/wp-content\/uploads\/2016\/08\/IMG_4525.jpg 480w\" sizes=\"(max-width: 225px) 100vw, 225px\" \/><\/a><\/p>\n<p>S\u00e5 flyttar jag in b\u00e5rden en bit. Och l\u00e4gger en vit bit utanf\u00f6r b\u00e5rden. I de fall den syns kommer den sm\u00e4lta samman med sockeln. Och d\u00e5 slipper jag de minimala svarta trianglarna vid kanten mot b\u00e5rden. D\u00e5 blir det s\u00e5 h\u00e4r:<\/p>\n<p><a href=\"http:\/\/www.montendre.se\/wp-content\/uploads\/2016\/08\/IMG_4526.jpg\"><img loading=\"lazy\" decoding=\"async\" class=\"aligncenter size-medium wp-image-2519\" src=\"http:\/\/www.montendre.se\/wp-content\/uploads\/2016\/08\/IMG_4526-300x225.jpg\" alt=\"IMG_4526\" width=\"300\" height=\"225\" srcset=\"https:\/\/www.montendre.se\/wp-content\/uploads\/2016\/08\/IMG_4526-300x225.jpg 300w, https:\/\/www.montendre.se\/wp-content\/uploads\/2016\/08\/IMG_4526-268x200.jpg 268w, https:\/\/www.montendre.se\/wp-content\/uploads\/2016\/08\/IMG_4526.jpg 640w\" sizes=\"(max-width: 300px) 100vw, 300px\" \/><\/a><\/p>\n<p>L har fortsatt ogr\u00e4sjakten i tr\u00e4dg\u00e5rden. Lagt p\u00e5 &#8221;tr\u00e4flis&#8221; f\u00f6r att stoppa ogr\u00e4s mm.<\/p>\n<p><a href=\"http:\/\/www.montendre.se\/wp-content\/uploads\/2016\/08\/IMG_4528.jpg\"><img loading=\"lazy\" decoding=\"async\" class=\"aligncenter size-medium wp-image-2524\" src=\"http:\/\/www.montendre.se\/wp-content\/uploads\/2016\/08\/IMG_4528-300x225.jpg\" alt=\"IMG_4528\" width=\"300\" height=\"225\" srcset=\"https:\/\/www.montendre.se\/wp-content\/uploads\/2016\/08\/IMG_4528-300x225.jpg 300w, https:\/\/www.montendre.se\/wp-content\/uploads\/2016\/08\/IMG_4528-268x200.jpg 268w, https:\/\/www.montendre.se\/wp-content\/uploads\/2016\/08\/IMG_4528.jpg 640w\" sizes=\"(max-width: 300px) 100vw, 300px\" \/><\/a><\/p>\n<p>Middag hemma. Ostron och stekt\u00a0dorade. Drack ett mycket bra, billigt vitt vin vi k\u00f6pte p\u00e5 intermarch\u00e9 f\u00f6r 38 SEK.<\/p>\n<p><a href=\"http:\/\/www.montendre.se\/wp-content\/uploads\/2016\/08\/IMG_4529.jpg\"><img loading=\"lazy\" decoding=\"async\" class=\"aligncenter size-medium wp-image-2525\" src=\"http:\/\/www.montendre.se\/wp-content\/uploads\/2016\/08\/IMG_4529-225x300.jpg\" alt=\"IMG_4529\" width=\"225\" height=\"300\" srcset=\"https:\/\/www.montendre.se\/wp-content\/uploads\/2016\/08\/IMG_4529-225x300.jpg 225w, https:\/\/www.montendre.se\/wp-content\/uploads\/2016\/08\/IMG_4529.jpg 480w\" sizes=\"(max-width: 225px) 100vw, 225px\" \/><\/a><\/p>\n<p>Borde man importera till Sverige och s\u00e4lja f\u00f6r 100:- till restaurangerna.<\/p>\n","protected":false},"excerpt":{"rendered":"<p>V\u00e4xlande molnighet idag. Lite mindre varmt, 28 grader som varmast. \u00c5kte p\u00e5 loppmarknad i Ozillac p\u00e5 f\u00f6rmiddagen. L k\u00f6pte tv\u00e5 krukor. Sedan lunch hemma. Har h\u00e5llit p\u00e5 och provkapat klinkerplattor och r\u00e4knat och r\u00e4knat. Kakelkapen redo! Testat p\u00e5 vit klinker. Blir lite flisor ibland (syns bl.a. vid orange f\u00e4lt i &#8230;<\/p>\n","protected":false},"author":1,"featured_media":0,"comment_status":"open","ping_status":"open","sticky":false,"template":"","format":"standard","meta":{"jetpack_post_was_ever_published":false,"_jetpack_newsletter_access":"","_jetpack_dont_email_post_to_subs":false,"_jetpack_newsletter_tier_id":0,"footnotes":""},"categories":[38],"tags":[],"jetpack_sharing_enabled":true,"jetpack_featured_media_url":"","_links":{"self":[{"href":"https:\/\/www.montendre.se\/index.php?rest_route=\/wp\/v2\/posts\/2514"}],"collection":[{"href":"https:\/\/www.montendre.se\/index.php?rest_route=\/wp\/v2\/posts"}],"about":[{"href":"https:\/\/www.montendre.se\/index.php?rest_route=\/wp\/v2\/types\/post"}],"author":[{"embeddable":true,"href":"https:\/\/www.montendre.se\/index.php?rest_route=\/wp\/v2\/users\/1"}],"replies":[{"embeddable":true,"href":"https:\/\/www.montendre.se\/index.php?rest_route=%2Fwp%2Fv2%2Fcomments&post=2514"}],"version-history":[{"count":8,"href":"https:\/\/www.montendre.se\/index.php?rest_route=\/wp\/v2\/posts\/2514\/revisions"}],"predecessor-version":[{"id":2528,"href":"https:\/\/www.montendre.se\/index.php?rest_route=\/wp\/v2\/posts\/2514\/revisions\/2528"}],"wp:attachment":[{"href":"https:\/\/www.montendre.se\/index.php?rest_route=%2Fwp%2Fv2%2Fmedia&parent=2514"}],"wp:term":[{"taxonomy":"category","embeddable":true,"href":"https:\/\/www.montendre.se\/index.php?rest_route=%2Fwp%2Fv2%2Fcategories&post=2514"},{"taxonomy":"post_tag","embeddable":true,"href":"https:\/\/www.montendre.se\/index.php?rest_route=%2Fwp%2Fv2%2Ftags&post=2514"}],"curies":[{"name":"wp","href":"https:\/\/api.w.org\/{rel}","templated":true}]}}