{"id":2496,"date":"2016-08-26T09:05:17","date_gmt":"2016-08-26T07:05:17","guid":{"rendered":"http:\/\/www.montendre.se\/?p=2496"},"modified":"2016-08-27T09:06:33","modified_gmt":"2016-08-27T07:06:33","slug":"26-augusti-2016","status":"publish","type":"post","link":"https:\/\/www.montendre.se\/?p=2496","title":{"rendered":"26 augusti 2016"},"content":{"rendered":"<p>Lite svalare, bara 30 grader som mest. Lite moln d\u00e5 och d\u00e5.<\/p>\n<p>Jag fortsatte med badrummet. Testade l\u00e4gga ut fler klinkers f\u00f6r att se hur det gick.<\/p>\n<p><a href=\"http:\/\/www.montendre.se\/wp-content\/uploads\/2016\/08\/IMG_4503.jpg\"><img loading=\"lazy\" decoding=\"async\" class=\"aligncenter size-medium wp-image-2499\" src=\"http:\/\/www.montendre.se\/wp-content\/uploads\/2016\/08\/IMG_4503-300x225.jpg\" alt=\"IMG_4503\" width=\"300\" height=\"225\" srcset=\"https:\/\/www.montendre.se\/wp-content\/uploads\/2016\/08\/IMG_4503-300x225.jpg 300w, https:\/\/www.montendre.se\/wp-content\/uploads\/2016\/08\/IMG_4503-268x200.jpg 268w, https:\/\/www.montendre.se\/wp-content\/uploads\/2016\/08\/IMG_4503.jpg 640w\" sizes=\"(max-width: 300px) 100vw, 300px\" \/><\/a>Blev lite snett. Kanske f\u00f6r att f\u00f6rsta raden inte var helt vinkelr\u00e4t? Eller att varje ny rad kom lite snett j\u00e4mf\u00f6rt med f\u00f6reg\u00e5ende. P\u00e5 bilden nedan ser man hur mittenplattan inte ligger precis mitt p\u00e5 linjen som den skulle.<\/p>\n<p><a href=\"http:\/\/www.montendre.se\/wp-content\/uploads\/2016\/08\/IMG_4504.jpg\"><img loading=\"lazy\" decoding=\"async\" class=\"aligncenter size-medium wp-image-2500\" src=\"http:\/\/www.montendre.se\/wp-content\/uploads\/2016\/08\/IMG_4504-300x225.jpg\" alt=\"IMG_4504\" width=\"300\" height=\"225\" srcset=\"https:\/\/www.montendre.se\/wp-content\/uploads\/2016\/08\/IMG_4504-300x225.jpg 300w, https:\/\/www.montendre.se\/wp-content\/uploads\/2016\/08\/IMG_4504-268x200.jpg 268w, https:\/\/www.montendre.se\/wp-content\/uploads\/2016\/08\/IMG_4504.jpg 640w\" sizes=\"(max-width: 300px) 100vw, 300px\" \/><\/a>Provade igen och var mer noggrann och d\u00e5 gick det b\u00e4ttre. Det beh\u00f6vs lite st\u00f6dlinjer som man kan f\u00f6lja men n\u00e4r l\u00e4gger det p\u00e5 riktigt kan man ju inte ha n\u00e5gra linjer i golvet eftersom limmet kommer t\u00e4cka linjerna.<\/p>\n<p><a href=\"http:\/\/www.montendre.se\/wp-content\/uploads\/2016\/08\/IMG_4505.jpg\"><img loading=\"lazy\" decoding=\"async\" class=\"aligncenter size-medium wp-image-2501\" src=\"http:\/\/www.montendre.se\/wp-content\/uploads\/2016\/08\/IMG_4505-225x300.jpg\" alt=\"IMG_4505\" width=\"225\" height=\"300\" srcset=\"https:\/\/www.montendre.se\/wp-content\/uploads\/2016\/08\/IMG_4505-225x300.jpg 225w, https:\/\/www.montendre.se\/wp-content\/uploads\/2016\/08\/IMG_4505.jpg 480w\" sizes=\"(max-width: 225px) 100vw, 225px\" \/><\/a><\/p>\n<p>Testade en del med b\u00e5rden i h\u00f6rnen ocks\u00e5.<br \/>\n<a href=\"http:\/\/www.montendre.se\/wp-content\/uploads\/2016\/08\/IMG_4507.jpg\"><img loading=\"lazy\" decoding=\"async\" class=\"aligncenter size-medium wp-image-2502\" src=\"http:\/\/www.montendre.se\/wp-content\/uploads\/2016\/08\/IMG_4507-300x225.jpg\" alt=\"IMG_4507\" width=\"300\" height=\"225\" srcset=\"https:\/\/www.montendre.se\/wp-content\/uploads\/2016\/08\/IMG_4507-300x225.jpg 300w, https:\/\/www.montendre.se\/wp-content\/uploads\/2016\/08\/IMG_4507-268x200.jpg 268w, https:\/\/www.montendre.se\/wp-content\/uploads\/2016\/08\/IMG_4507.jpg 640w\" sizes=\"(max-width: 300px) 100vw, 300px\" \/><\/a><\/p>\n<p>Bokade upp tid med r\u00f6rmokaren till m\u00e5ndag f\u00f6rmiddag.<\/p>\n<p>L rensade i rabatterna.<a href=\"http:\/\/www.montendre.se\/wp-content\/uploads\/2016\/08\/IMG_4511.jpg\"><img loading=\"lazy\" decoding=\"async\" class=\"aligncenter size-medium wp-image-2503\" src=\"http:\/\/www.montendre.se\/wp-content\/uploads\/2016\/08\/IMG_4511-300x225.jpg\" alt=\"IMG_4511\" width=\"300\" height=\"225\" srcset=\"https:\/\/www.montendre.se\/wp-content\/uploads\/2016\/08\/IMG_4511-300x225.jpg 300w, https:\/\/www.montendre.se\/wp-content\/uploads\/2016\/08\/IMG_4511-268x200.jpg 268w, https:\/\/www.montendre.se\/wp-content\/uploads\/2016\/08\/IMG_4511.jpg 640w\" sizes=\"(max-width: 300px) 100vw, 300px\" \/><\/a>Middag i Mortagne-sur-Gironde. Ny regi p\u00e5 en restaurang d\u00e4r och omd\u00f6pt till &#8217;1407 Yvain de Galles&#8217;.<\/p>\n<p>&nbsp;<\/p>\n","protected":false},"excerpt":{"rendered":"<p>Lite svalare, bara 30 grader som mest. Lite moln d\u00e5 och d\u00e5. Jag fortsatte med badrummet. Testade l\u00e4gga ut fler klinkers f\u00f6r att se hur det gick. Blev lite snett. Kanske f\u00f6r att f\u00f6rsta raden inte var helt vinkelr\u00e4t? Eller att varje ny rad kom lite snett j\u00e4mf\u00f6rt med f\u00f6reg\u00e5ende. &#8230;<\/p>\n","protected":false},"author":1,"featured_media":0,"comment_status":"open","ping_status":"open","sticky":false,"template":"","format":"standard","meta":{"jetpack_post_was_ever_published":false,"_jetpack_newsletter_access":"","_jetpack_dont_email_post_to_subs":false,"_jetpack_newsletter_tier_id":0,"footnotes":""},"categories":[38],"tags":[],"jetpack_sharing_enabled":true,"jetpack_featured_media_url":"","_links":{"self":[{"href":"https:\/\/www.montendre.se\/index.php?rest_route=\/wp\/v2\/posts\/2496"}],"collection":[{"href":"https:\/\/www.montendre.se\/index.php?rest_route=\/wp\/v2\/posts"}],"about":[{"href":"https:\/\/www.montendre.se\/index.php?rest_route=\/wp\/v2\/types\/post"}],"author":[{"embeddable":true,"href":"https:\/\/www.montendre.se\/index.php?rest_route=\/wp\/v2\/users\/1"}],"replies":[{"embeddable":true,"href":"https:\/\/www.montendre.se\/index.php?rest_route=%2Fwp%2Fv2%2Fcomments&post=2496"}],"version-history":[{"count":3,"href":"https:\/\/www.montendre.se\/index.php?rest_route=\/wp\/v2\/posts\/2496\/revisions"}],"predecessor-version":[{"id":2505,"href":"https:\/\/www.montendre.se\/index.php?rest_route=\/wp\/v2\/posts\/2496\/revisions\/2505"}],"wp:attachment":[{"href":"https:\/\/www.montendre.se\/index.php?rest_route=%2Fwp%2Fv2%2Fmedia&parent=2496"}],"wp:term":[{"taxonomy":"category","embeddable":true,"href":"https:\/\/www.montendre.se\/index.php?rest_route=%2Fwp%2Fv2%2Fcategories&post=2496"},{"taxonomy":"post_tag","embeddable":true,"href":"https:\/\/www.montendre.se\/index.php?rest_route=%2Fwp%2Fv2%2Ftags&post=2496"}],"curies":[{"name":"wp","href":"https:\/\/api.w.org\/{rel}","templated":true}]}}