{"id":2458,"date":"2016-08-22T22:46:33","date_gmt":"2016-08-22T20:46:33","guid":{"rendered":"http:\/\/www.montendre.se\/?p=2458"},"modified":"2016-08-22T22:46:33","modified_gmt":"2016-08-22T20:46:33","slug":"22-augusti-2016","status":"publish","type":"post","link":"https:\/\/www.montendre.se\/?p=2458","title":{"rendered":"22 augusti 2016"},"content":{"rendered":"<p>Varmt idag, 32 p\u00e5 eftermiddagen. 25 grader klockan 23. Sol hela dagen.<\/p>\n<p>Klippt tujah\u00e4ck. Nu b\u00f6rjar det synas lite.<\/p>\n<p><a href=\"http:\/\/www.montendre.se\/wp-content\/uploads\/2016\/08\/IMG_4469.jpg\"><img loading=\"lazy\" decoding=\"async\" class=\"aligncenter size-medium wp-image-2460\" src=\"http:\/\/www.montendre.se\/wp-content\/uploads\/2016\/08\/IMG_4469-300x225.jpg\" alt=\"IMG_4469\" width=\"300\" height=\"225\" srcset=\"https:\/\/www.montendre.se\/wp-content\/uploads\/2016\/08\/IMG_4469-300x225.jpg 300w, https:\/\/www.montendre.se\/wp-content\/uploads\/2016\/08\/IMG_4469-268x200.jpg 268w, https:\/\/www.montendre.se\/wp-content\/uploads\/2016\/08\/IMG_4469.jpg 640w\" sizes=\"(max-width: 300px) 100vw, 300px\" \/><\/a><\/p>\n<p>Tagit bort drygt 2 m h\u00f6ga br\u00e4nn\u00e4sslor.<\/p>\n<p><a href=\"http:\/\/www.montendre.se\/wp-content\/uploads\/2016\/08\/IMG_4470.jpg\"><img loading=\"lazy\" decoding=\"async\" class=\"aligncenter size-medium wp-image-2461\" src=\"http:\/\/www.montendre.se\/wp-content\/uploads\/2016\/08\/IMG_4470-225x300.jpg\" alt=\"IMG_4470\" width=\"225\" height=\"300\" srcset=\"https:\/\/www.montendre.se\/wp-content\/uploads\/2016\/08\/IMG_4470-225x300.jpg 225w, https:\/\/www.montendre.se\/wp-content\/uploads\/2016\/08\/IMG_4470.jpg 480w\" sizes=\"(max-width: 225px) 100vw, 225px\" \/><\/a>\u00a0M\u00e5lat p\u00e5 f\u00f6nstret. K\u00f6r lite proffsstil p\u00e5 var fj\u00e4rde\u00a0av de kittade kanterna. (Ingen maskeringstejp.)<\/p>\n<p><a href=\"http:\/\/www.montendre.se\/wp-content\/uploads\/2016\/08\/IMG_4474.jpg\"><img loading=\"lazy\" decoding=\"async\" class=\"aligncenter size-medium wp-image-2462\" src=\"http:\/\/www.montendre.se\/wp-content\/uploads\/2016\/08\/IMG_4474-300x225.jpg\" alt=\"IMG_4474\" width=\"300\" height=\"225\" srcset=\"https:\/\/www.montendre.se\/wp-content\/uploads\/2016\/08\/IMG_4474-300x225.jpg 300w, https:\/\/www.montendre.se\/wp-content\/uploads\/2016\/08\/IMG_4474-268x200.jpg 268w, https:\/\/www.montendre.se\/wp-content\/uploads\/2016\/08\/IMG_4474.jpg 640w\" sizes=\"(max-width: 300px) 100vw, 300px\" \/><\/a><\/p>\n<p>En fin blomma som v\u00e4xer i v\u00e5r &#8221;interna&#8221; r\u00e4nnsten.<\/p>\n<p><a href=\"http:\/\/www.montendre.se\/wp-content\/uploads\/2016\/08\/IMG_4471.jpg\"><img loading=\"lazy\" decoding=\"async\" class=\"aligncenter size-medium wp-image-2463\" src=\"http:\/\/www.montendre.se\/wp-content\/uploads\/2016\/08\/IMG_4471-225x300.jpg\" alt=\"IMG_4471\" width=\"225\" height=\"300\" srcset=\"https:\/\/www.montendre.se\/wp-content\/uploads\/2016\/08\/IMG_4471-225x300.jpg 225w, https:\/\/www.montendre.se\/wp-content\/uploads\/2016\/08\/IMG_4471.jpg 480w\" sizes=\"(max-width: 225px) 100vw, 225px\" \/><\/a><\/p>\n<p>Testar nya grepp mot ogr\u00e4set. Tr\u00e4flisor.<\/p>\n<p><a href=\"http:\/\/www.montendre.se\/wp-content\/uploads\/2016\/08\/IMG_4475.jpg\"><img loading=\"lazy\" decoding=\"async\" class=\"aligncenter size-medium wp-image-2464\" src=\"http:\/\/www.montendre.se\/wp-content\/uploads\/2016\/08\/IMG_4475-300x225.jpg\" alt=\"IMG_4475\" width=\"300\" height=\"225\" srcset=\"https:\/\/www.montendre.se\/wp-content\/uploads\/2016\/08\/IMG_4475-300x225.jpg 300w, https:\/\/www.montendre.se\/wp-content\/uploads\/2016\/08\/IMG_4475-268x200.jpg 268w, https:\/\/www.montendre.se\/wp-content\/uploads\/2016\/08\/IMG_4475.jpg 640w\" sizes=\"(max-width: 300px) 100vw, 300px\" \/><\/a><\/p>\n<p>&nbsp;<\/p>\n<p>Har \u00e4ven f\u00f6rberett n\u00e5gra gipsskivor till badrummet. D\u00e4remot var skruvarna slut s\u00e5 jag kunde inte skruva upp dem. Sedan funderar jag en hel del p\u00e5 hur man ska g\u00f6ra med &#8221;anslutningen&#8221; till balkongd\u00f6rren. F\u00f6rs\u00f6ka l\u00e4gga samma golv \u00e4nda ut till d\u00f6rren? Bara gjuta lite betong d\u00e4r som sedan kan m\u00e5las t.ex. vitt och ha en list mellan golvet och betongen? M\u00e5ste f\u00f6rs\u00f6ka fixa en sjysst tr\u00f6skel till b\u00e5da d\u00f6rrarna ocks\u00e5. Kan man k\u00f6pa separata tr\u00f6sklar i Sverige? I Frankrike anv\u00e4nder man ju knappt tr\u00f6sklar.<\/p>\n<p>Middag hemma.<\/p>\n<p>B\u00e4sta fotogenlampan!<\/p>\n<p><a href=\"http:\/\/www.montendre.se\/wp-content\/uploads\/2016\/08\/IMG_4480.jpg\"><img loading=\"lazy\" decoding=\"async\" class=\"aligncenter size-medium wp-image-2467\" src=\"http:\/\/www.montendre.se\/wp-content\/uploads\/2016\/08\/IMG_4480-225x300.jpg\" alt=\"IMG_4480\" width=\"225\" height=\"300\" srcset=\"https:\/\/www.montendre.se\/wp-content\/uploads\/2016\/08\/IMG_4480-225x300.jpg 225w, https:\/\/www.montendre.se\/wp-content\/uploads\/2016\/08\/IMG_4480.jpg 480w\" sizes=\"(max-width: 225px) 100vw, 225px\" \/><\/a><\/p>\n","protected":false},"excerpt":{"rendered":"<p>Varmt idag, 32 p\u00e5 eftermiddagen. 25 grader klockan 23. Sol hela dagen. Klippt tujah\u00e4ck. Nu b\u00f6rjar det synas lite. Tagit bort drygt 2 m h\u00f6ga br\u00e4nn\u00e4sslor. \u00a0M\u00e5lat p\u00e5 f\u00f6nstret. K\u00f6r lite proffsstil p\u00e5 var fj\u00e4rde\u00a0av de kittade kanterna. (Ingen maskeringstejp.) En fin blomma som v\u00e4xer i v\u00e5r &#8221;interna&#8221; r\u00e4nnsten. Testar &#8230;<\/p>\n","protected":false},"author":1,"featured_media":0,"comment_status":"open","ping_status":"open","sticky":false,"template":"","format":"standard","meta":{"jetpack_post_was_ever_published":false,"_jetpack_newsletter_access":"","_jetpack_dont_email_post_to_subs":false,"_jetpack_newsletter_tier_id":0,"footnotes":""},"categories":[38],"tags":[],"jetpack_sharing_enabled":true,"jetpack_featured_media_url":"","_links":{"self":[{"href":"https:\/\/www.montendre.se\/index.php?rest_route=\/wp\/v2\/posts\/2458"}],"collection":[{"href":"https:\/\/www.montendre.se\/index.php?rest_route=\/wp\/v2\/posts"}],"about":[{"href":"https:\/\/www.montendre.se\/index.php?rest_route=\/wp\/v2\/types\/post"}],"author":[{"embeddable":true,"href":"https:\/\/www.montendre.se\/index.php?rest_route=\/wp\/v2\/users\/1"}],"replies":[{"embeddable":true,"href":"https:\/\/www.montendre.se\/index.php?rest_route=%2Fwp%2Fv2%2Fcomments&post=2458"}],"version-history":[{"count":4,"href":"https:\/\/www.montendre.se\/index.php?rest_route=\/wp\/v2\/posts\/2458\/revisions"}],"predecessor-version":[{"id":2468,"href":"https:\/\/www.montendre.se\/index.php?rest_route=\/wp\/v2\/posts\/2458\/revisions\/2468"}],"wp:attachment":[{"href":"https:\/\/www.montendre.se\/index.php?rest_route=%2Fwp%2Fv2%2Fmedia&parent=2458"}],"wp:term":[{"taxonomy":"category","embeddable":true,"href":"https:\/\/www.montendre.se\/index.php?rest_route=%2Fwp%2Fv2%2Fcategories&post=2458"},{"taxonomy":"post_tag","embeddable":true,"href":"https:\/\/www.montendre.se\/index.php?rest_route=%2Fwp%2Fv2%2Ftags&post=2458"}],"curies":[{"name":"wp","href":"https:\/\/api.w.org\/{rel}","templated":true}]}}