{"id":243,"date":"2012-09-03T21:25:11","date_gmt":"2012-09-03T19:25:11","guid":{"rendered":"http:\/\/www.montendre.se\/?p=243"},"modified":"2013-07-17T14:55:10","modified_gmt":"2013-07-17T12:55:10","slug":"3-september","status":"publish","type":"post","link":"https:\/\/www.montendre.se\/?p=243","title":{"rendered":"3 September"},"content":{"rendered":"<p>Idag har vi k\u00f6rt iv\u00e4g skr\u00e4p, st\u00e4dat lite i huset, tr\u00e4maskbehandlat s\u00e4ng och kl\u00e4dsk\u00e5p.<\/p>\n<p>S\u00e5 h\u00e4r ser s\u00e4ngen ut n\u00e4r den \u00e4r ihopsatt.<\/p>\n<p><a href=\"http:\/\/www.montendre.se\/wp-content\/uploads\/2012\/09\/IMG_2245.jpg\"><img loading=\"lazy\" decoding=\"async\" class=\"aligncenter size-medium wp-image-244\" title=\"IMG_2245\" src=\"http:\/\/www.montendre.se\/wp-content\/uploads\/2012\/09\/IMG_2245-300x224.jpg\" alt=\"\" width=\"300\" height=\"224\" srcset=\"https:\/\/www.montendre.se\/wp-content\/uploads\/2012\/09\/IMG_2245-300x224.jpg 300w, https:\/\/www.montendre.se\/wp-content\/uploads\/2012\/09\/IMG_2245-1024x764.jpg 1024w, https:\/\/www.montendre.se\/wp-content\/uploads\/2012\/09\/IMG_2245-268x200.jpg 268w, https:\/\/www.montendre.se\/wp-content\/uploads\/2012\/09\/IMG_2245-700x522.jpg 700w\" sizes=\"(max-width: 300px) 100vw, 300px\" \/><\/a><\/p>\n<p>Jag har m\u00e5lat balkongen en g\u00e5ng till och nu b\u00f6rjar det bli riktigt bra.<\/p>\n<p>L hittade skum v\u00e4xt i tr\u00e4dg\u00e5rden. N\u00e5gon som vet vad det \u00e4r?<\/p>\n<p><a href=\"http:\/\/www.montendre.se\/wp-content\/uploads\/2012\/09\/IMG_22471.jpg\"><img loading=\"lazy\" decoding=\"async\" class=\"aligncenter size-medium wp-image-247\" title=\"IMG_2247\" src=\"http:\/\/www.montendre.se\/wp-content\/uploads\/2012\/09\/IMG_22471-300x224.jpg\" alt=\"\" width=\"300\" height=\"224\" srcset=\"https:\/\/www.montendre.se\/wp-content\/uploads\/2012\/09\/IMG_22471-300x224.jpg 300w, https:\/\/www.montendre.se\/wp-content\/uploads\/2012\/09\/IMG_22471-1024x764.jpg 1024w, https:\/\/www.montendre.se\/wp-content\/uploads\/2012\/09\/IMG_22471-268x200.jpg 268w, https:\/\/www.montendre.se\/wp-content\/uploads\/2012\/09\/IMG_22471-700x522.jpg 700w\" sizes=\"(max-width: 300px) 100vw, 300px\" \/><\/a><a href=\"http:\/\/www.montendre.se\/wp-content\/uploads\/2012\/09\/IMG_2248.jpg\"><img loading=\"lazy\" decoding=\"async\" class=\"aligncenter size-medium wp-image-248\" title=\"IMG_2248\" src=\"http:\/\/www.montendre.se\/wp-content\/uploads\/2012\/09\/IMG_2248-300x224.jpg\" alt=\"\" width=\"300\" height=\"224\" srcset=\"https:\/\/www.montendre.se\/wp-content\/uploads\/2012\/09\/IMG_2248-300x224.jpg 300w, https:\/\/www.montendre.se\/wp-content\/uploads\/2012\/09\/IMG_2248-1024x764.jpg 1024w, https:\/\/www.montendre.se\/wp-content\/uploads\/2012\/09\/IMG_2248-268x200.jpg 268w, https:\/\/www.montendre.se\/wp-content\/uploads\/2012\/09\/IMG_2248-700x522.jpg 700w\" sizes=\"(max-width: 300px) 100vw, 300px\" \/><\/a><\/p>\n<p>S\u00e5 k\u00f6pte vi ett handfat till toa p\u00e5 bottenv\u00e5ning som jag nu skruvat upp. F\u00e5r v\u00e4l se hur l\u00e4nge det sitter \ud83d\ude09 Och om v\u00e4ggen f\u00f6ljer med ner den dagen det faller ner.<\/p>\n<p><a href=\"http:\/\/www.montendre.se\/wp-content\/uploads\/2012\/09\/IMG_2249.jpg\"><img loading=\"lazy\" decoding=\"async\" class=\"aligncenter size-medium wp-image-249\" title=\"IMG_2249\" src=\"http:\/\/www.montendre.se\/wp-content\/uploads\/2012\/09\/IMG_2249-300x224.jpg\" alt=\"\" width=\"300\" height=\"224\" srcset=\"https:\/\/www.montendre.se\/wp-content\/uploads\/2012\/09\/IMG_2249-300x224.jpg 300w, https:\/\/www.montendre.se\/wp-content\/uploads\/2012\/09\/IMG_2249-1024x764.jpg 1024w, https:\/\/www.montendre.se\/wp-content\/uploads\/2012\/09\/IMG_2249-268x200.jpg 268w, https:\/\/www.montendre.se\/wp-content\/uploads\/2012\/09\/IMG_2249-700x522.jpg 700w\" sizes=\"(max-width: 300px) 100vw, 300px\" \/><\/a><\/p>\n","protected":false},"excerpt":{"rendered":"<p>Idag har vi k\u00f6rt iv\u00e4g skr\u00e4p, st\u00e4dat lite i huset, tr\u00e4maskbehandlat s\u00e4ng och kl\u00e4dsk\u00e5p. S\u00e5 h\u00e4r ser s\u00e4ngen ut n\u00e4r den \u00e4r ihopsatt. Jag har m\u00e5lat balkongen en g\u00e5ng till och nu b\u00f6rjar det bli riktigt bra. L hittade skum v\u00e4xt i tr\u00e4dg\u00e5rden. N\u00e5gon som vet vad det \u00e4r? S\u00e5 &#8230;<\/p>\n","protected":false},"author":1,"featured_media":0,"comment_status":"open","ping_status":"open","sticky":false,"template":"","format":"standard","meta":{"jetpack_post_was_ever_published":false,"_jetpack_newsletter_access":"","_jetpack_dont_email_post_to_subs":false,"_jetpack_newsletter_tier_id":0,"footnotes":""},"categories":[10],"tags":[],"jetpack_sharing_enabled":true,"jetpack_featured_media_url":"","_links":{"self":[{"href":"https:\/\/www.montendre.se\/index.php?rest_route=\/wp\/v2\/posts\/243"}],"collection":[{"href":"https:\/\/www.montendre.se\/index.php?rest_route=\/wp\/v2\/posts"}],"about":[{"href":"https:\/\/www.montendre.se\/index.php?rest_route=\/wp\/v2\/types\/post"}],"author":[{"embeddable":true,"href":"https:\/\/www.montendre.se\/index.php?rest_route=\/wp\/v2\/users\/1"}],"replies":[{"embeddable":true,"href":"https:\/\/www.montendre.se\/index.php?rest_route=%2Fwp%2Fv2%2Fcomments&post=243"}],"version-history":[{"count":4,"href":"https:\/\/www.montendre.se\/index.php?rest_route=\/wp\/v2\/posts\/243\/revisions"}],"predecessor-version":[{"id":629,"href":"https:\/\/www.montendre.se\/index.php?rest_route=\/wp\/v2\/posts\/243\/revisions\/629"}],"wp:attachment":[{"href":"https:\/\/www.montendre.se\/index.php?rest_route=%2Fwp%2Fv2%2Fmedia&parent=243"}],"wp:term":[{"taxonomy":"category","embeddable":true,"href":"https:\/\/www.montendre.se\/index.php?rest_route=%2Fwp%2Fv2%2Fcategories&post=243"},{"taxonomy":"post_tag","embeddable":true,"href":"https:\/\/www.montendre.se\/index.php?rest_route=%2Fwp%2Fv2%2Ftags&post=243"}],"curies":[{"name":"wp","href":"https:\/\/api.w.org\/{rel}","templated":true}]}}