{"id":2423,"date":"2016-08-19T22:17:09","date_gmt":"2016-08-19T20:17:09","guid":{"rendered":"http:\/\/www.montendre.se\/?p=2423"},"modified":"2016-08-19T22:17:09","modified_gmt":"2016-08-19T20:17:09","slug":"19-augusti-2016","status":"publish","type":"post","link":"https:\/\/www.montendre.se\/?p=2423","title":{"rendered":"19 augusti 2016"},"content":{"rendered":"<p>Lite sol, mest moln idag. 26 grader som mest. N\u00e5gra regndroppar p\u00e5 sena eftermiddagen men inte tillr\u00e4ckligt f\u00f6r tr\u00e4dg\u00e5rden tyv\u00e4rr.<\/p>\n<p>Jag har klippt lite p\u00e5 v\u00e4nstra delen av tujah\u00e4cken och rensat lite bj\u00f6rnb\u00e4rssn\u00e5r.<\/p>\n<p><a href=\"http:\/\/www.montendre.se\/wp-content\/uploads\/2016\/08\/IMG_4442.jpg\"><img loading=\"lazy\" decoding=\"async\" class=\"aligncenter size-medium wp-image-2429\" src=\"http:\/\/www.montendre.se\/wp-content\/uploads\/2016\/08\/IMG_4442-300x225.jpg\" alt=\"IMG_4442\" width=\"300\" height=\"225\" srcset=\"https:\/\/www.montendre.se\/wp-content\/uploads\/2016\/08\/IMG_4442-300x225.jpg 300w, https:\/\/www.montendre.se\/wp-content\/uploads\/2016\/08\/IMG_4442-268x200.jpg 268w, https:\/\/www.montendre.se\/wp-content\/uploads\/2016\/08\/IMG_4442.jpg 640w\" sizes=\"(max-width: 300px) 100vw, 300px\" \/><\/a><\/p>\n<p>L har fixat i rabatterna och sedan \u00e5kte vi och handlade lite nya blommor. Men efter det kom regnet s\u00e5 det blev inget planterat idag.<\/p>\n<p><a href=\"http:\/\/www.montendre.se\/wp-content\/uploads\/2016\/08\/IMG_4443.jpg\"><img loading=\"lazy\" decoding=\"async\" class=\"aligncenter size-medium wp-image-2430\" src=\"http:\/\/www.montendre.se\/wp-content\/uploads\/2016\/08\/IMG_4443-300x225.jpg\" alt=\"IMG_4443\" width=\"300\" height=\"225\" srcset=\"https:\/\/www.montendre.se\/wp-content\/uploads\/2016\/08\/IMG_4443-300x225.jpg 300w, https:\/\/www.montendre.se\/wp-content\/uploads\/2016\/08\/IMG_4443-268x200.jpg 268w, https:\/\/www.montendre.se\/wp-content\/uploads\/2016\/08\/IMG_4443.jpg 640w\" sizes=\"(max-width: 300px) 100vw, 300px\" \/><\/a><\/p>\n<p>Jag slipade skarvarna mellan gipsskivorna i badrummet och spacklade lite till.<\/p>\n<p>Middag hemma.<\/p>\n","protected":false},"excerpt":{"rendered":"<p>Lite sol, mest moln idag. 26 grader som mest. N\u00e5gra regndroppar p\u00e5 sena eftermiddagen men inte tillr\u00e4ckligt f\u00f6r tr\u00e4dg\u00e5rden tyv\u00e4rr. Jag har klippt lite p\u00e5 v\u00e4nstra delen av tujah\u00e4cken och rensat lite bj\u00f6rnb\u00e4rssn\u00e5r. L har fixat i rabatterna och sedan \u00e5kte vi och handlade lite nya blommor. Men efter det &#8230;<\/p>\n","protected":false},"author":1,"featured_media":0,"comment_status":"open","ping_status":"open","sticky":false,"template":"","format":"standard","meta":{"jetpack_post_was_ever_published":false,"_jetpack_newsletter_access":"","_jetpack_dont_email_post_to_subs":false,"_jetpack_newsletter_tier_id":0,"footnotes":""},"categories":[38],"tags":[],"jetpack_sharing_enabled":true,"jetpack_featured_media_url":"","_links":{"self":[{"href":"https:\/\/www.montendre.se\/index.php?rest_route=\/wp\/v2\/posts\/2423"}],"collection":[{"href":"https:\/\/www.montendre.se\/index.php?rest_route=\/wp\/v2\/posts"}],"about":[{"href":"https:\/\/www.montendre.se\/index.php?rest_route=\/wp\/v2\/types\/post"}],"author":[{"embeddable":true,"href":"https:\/\/www.montendre.se\/index.php?rest_route=\/wp\/v2\/users\/1"}],"replies":[{"embeddable":true,"href":"https:\/\/www.montendre.se\/index.php?rest_route=%2Fwp%2Fv2%2Fcomments&post=2423"}],"version-history":[{"count":3,"href":"https:\/\/www.montendre.se\/index.php?rest_route=\/wp\/v2\/posts\/2423\/revisions"}],"predecessor-version":[{"id":2431,"href":"https:\/\/www.montendre.se\/index.php?rest_route=\/wp\/v2\/posts\/2423\/revisions\/2431"}],"wp:attachment":[{"href":"https:\/\/www.montendre.se\/index.php?rest_route=%2Fwp%2Fv2%2Fmedia&parent=2423"}],"wp:term":[{"taxonomy":"category","embeddable":true,"href":"https:\/\/www.montendre.se\/index.php?rest_route=%2Fwp%2Fv2%2Fcategories&post=2423"},{"taxonomy":"post_tag","embeddable":true,"href":"https:\/\/www.montendre.se\/index.php?rest_route=%2Fwp%2Fv2%2Ftags&post=2423"}],"curies":[{"name":"wp","href":"https:\/\/api.w.org\/{rel}","templated":true}]}}