{"id":2413,"date":"2016-08-18T08:11:10","date_gmt":"2016-08-18T06:11:10","guid":{"rendered":"http:\/\/www.montendre.se\/?p=2413"},"modified":"2016-08-19T08:12:39","modified_gmt":"2016-08-19T06:12:39","slug":"18-aug-2016","status":"publish","type":"post","link":"https:\/\/www.montendre.se\/?p=2413","title":{"rendered":"18 augusti 2016"},"content":{"rendered":"<p>Flyget lite f\u00f6rsenat fr\u00e5n Stockholm men vi hade ju n\u00e4stan tre timmars v\u00e4ntan i Amsterdam s\u00e5 det gjorde ju inget.<\/p>\n<p>Soligt och 27 grader n\u00e4r vi landade.<\/p>\n<p>V\u00e4ldigt torrt, inte bara i v\u00e5r tr\u00e4dg\u00e5rd. Under linden \u00e4r det n\u00e4stan lika mycket torra l\u00f6v som i november.<\/p>\n<p><a href=\"http:\/\/www.montendre.se\/wp-content\/uploads\/2016\/08\/IMG_4433.jpg\"><img loading=\"lazy\" decoding=\"async\" class=\"aligncenter size-medium wp-image-2414\" src=\"http:\/\/www.montendre.se\/wp-content\/uploads\/2016\/08\/IMG_4433-300x225.jpg\" alt=\"IMG_4433\" width=\"300\" height=\"225\" srcset=\"https:\/\/www.montendre.se\/wp-content\/uploads\/2016\/08\/IMG_4433-300x225.jpg 300w, https:\/\/www.montendre.se\/wp-content\/uploads\/2016\/08\/IMG_4433-268x200.jpg 268w, https:\/\/www.montendre.se\/wp-content\/uploads\/2016\/08\/IMG_4433.jpg 640w\" sizes=\"(max-width: 300px) 100vw, 300px\" \/><\/a><\/p>\n<p>Men det \u00e4r mycket p\u00e4ron i \u00e5r. F\u00f6rra \u00e5ret var ett persiko-\u00e5r i \u00e5r \u00e4r det p\u00e4ron-\u00e5r.<\/p>\n<p><a href=\"http:\/\/www.montendre.se\/wp-content\/uploads\/2016\/08\/IMG_4434.jpg\"><img loading=\"lazy\" decoding=\"async\" class=\"aligncenter size-medium wp-image-2416\" src=\"http:\/\/www.montendre.se\/wp-content\/uploads\/2016\/08\/IMG_4434-225x300.jpg\" alt=\"IMG_4434\" width=\"225\" height=\"300\" srcset=\"https:\/\/www.montendre.se\/wp-content\/uploads\/2016\/08\/IMG_4434-225x300.jpg 225w, https:\/\/www.montendre.se\/wp-content\/uploads\/2016\/08\/IMG_4434.jpg 480w\" sizes=\"(max-width: 225px) 100vw, 225px\" \/><\/a><\/p>\n<p>Gr\u00f6nsakslandet \u00e4r inte mycket till land i \u00e5r&#8230;<a href=\"http:\/\/www.montendre.se\/wp-content\/uploads\/2016\/08\/IMG_4435.jpg\"><img loading=\"lazy\" decoding=\"async\" class=\"aligncenter size-medium wp-image-2417\" src=\"http:\/\/www.montendre.se\/wp-content\/uploads\/2016\/08\/IMG_4435-300x225.jpg\" alt=\"IMG_4435\" width=\"300\" height=\"225\" srcset=\"https:\/\/www.montendre.se\/wp-content\/uploads\/2016\/08\/IMG_4435-300x225.jpg 300w, https:\/\/www.montendre.se\/wp-content\/uploads\/2016\/08\/IMG_4435-268x200.jpg 268w, https:\/\/www.montendre.se\/wp-content\/uploads\/2016\/08\/IMG_4435.jpg 640w\" sizes=\"(max-width: 300px) 100vw, 300px\" \/><\/a><\/p>\n<p>Nysatta persikotr\u00e4det som hade n\u00e5gon sjukdom i v\u00e5ras har repat sig i alla fall.<\/p>\n<p><a href=\"http:\/\/www.montendre.se\/wp-content\/uploads\/2016\/08\/IMG_4438.jpg\"><img loading=\"lazy\" decoding=\"async\" class=\"aligncenter size-medium wp-image-2419\" src=\"http:\/\/www.montendre.se\/wp-content\/uploads\/2016\/08\/IMG_4438-225x300.jpg\" alt=\"IMG_4438\" width=\"225\" height=\"300\" srcset=\"https:\/\/www.montendre.se\/wp-content\/uploads\/2016\/08\/IMG_4438-225x300.jpg 225w, https:\/\/www.montendre.se\/wp-content\/uploads\/2016\/08\/IMG_4438.jpg 480w\" sizes=\"(max-width: 225px) 100vw, 225px\" \/><\/a><\/p>\n<p>Middag p\u00e5 baren.<\/p>\n","protected":false},"excerpt":{"rendered":"<p>Flyget lite f\u00f6rsenat fr\u00e5n Stockholm men vi hade ju n\u00e4stan tre timmars v\u00e4ntan i Amsterdam s\u00e5 det gjorde ju inget. Soligt och 27 grader n\u00e4r vi landade. V\u00e4ldigt torrt, inte bara i v\u00e5r tr\u00e4dg\u00e5rd. Under linden \u00e4r det n\u00e4stan lika mycket torra l\u00f6v som i november. Men det \u00e4r mycket &#8230;<\/p>\n","protected":false},"author":1,"featured_media":0,"comment_status":"open","ping_status":"open","sticky":false,"template":"","format":"standard","meta":{"jetpack_post_was_ever_published":false,"_jetpack_newsletter_access":"","_jetpack_dont_email_post_to_subs":false,"_jetpack_newsletter_tier_id":0,"footnotes":""},"categories":[38],"tags":[],"jetpack_sharing_enabled":true,"jetpack_featured_media_url":"","_links":{"self":[{"href":"https:\/\/www.montendre.se\/index.php?rest_route=\/wp\/v2\/posts\/2413"}],"collection":[{"href":"https:\/\/www.montendre.se\/index.php?rest_route=\/wp\/v2\/posts"}],"about":[{"href":"https:\/\/www.montendre.se\/index.php?rest_route=\/wp\/v2\/types\/post"}],"author":[{"embeddable":true,"href":"https:\/\/www.montendre.se\/index.php?rest_route=\/wp\/v2\/users\/1"}],"replies":[{"embeddable":true,"href":"https:\/\/www.montendre.se\/index.php?rest_route=%2Fwp%2Fv2%2Fcomments&post=2413"}],"version-history":[{"count":6,"href":"https:\/\/www.montendre.se\/index.php?rest_route=\/wp\/v2\/posts\/2413\/revisions"}],"predecessor-version":[{"id":2426,"href":"https:\/\/www.montendre.se\/index.php?rest_route=\/wp\/v2\/posts\/2413\/revisions\/2426"}],"wp:attachment":[{"href":"https:\/\/www.montendre.se\/index.php?rest_route=%2Fwp%2Fv2%2Fmedia&parent=2413"}],"wp:term":[{"taxonomy":"category","embeddable":true,"href":"https:\/\/www.montendre.se\/index.php?rest_route=%2Fwp%2Fv2%2Fcategories&post=2413"},{"taxonomy":"post_tag","embeddable":true,"href":"https:\/\/www.montendre.se\/index.php?rest_route=%2Fwp%2Fv2%2Ftags&post=2413"}],"curies":[{"name":"wp","href":"https:\/\/api.w.org\/{rel}","templated":true}]}}