{"id":238,"date":"2012-09-02T21:59:03","date_gmt":"2012-09-02T19:59:03","guid":{"rendered":"http:\/\/www.montendre.se\/?p=238"},"modified":"2013-07-17T14:53:58","modified_gmt":"2013-07-17T12:53:58","slug":"2-september","status":"publish","type":"post","link":"https:\/\/www.montendre.se\/?p=238","title":{"rendered":"2 September"},"content":{"rendered":"<p>Idag \u00e5kte vi iv\u00e4g till tre loppmarknader. K\u00f6pte lite sm\u00e5saker men p\u00e5 sista loppmarknaden hittade vi faktiskt ett kl\u00e4dsk\u00e5p med tillh\u00f6rande s\u00e4ng ocks\u00e5 f\u00f6r ett ok pris, 180\u20ac.<\/p>\n<p><a href=\"http:\/\/www.montendre.se\/wp-content\/uploads\/2012\/09\/IMG_2244.jpg\"><img loading=\"lazy\" decoding=\"async\" class=\"aligncenter size-medium wp-image-239\" title=\"IMG_2244\" src=\"http:\/\/www.montendre.se\/wp-content\/uploads\/2012\/09\/IMG_2244-300x224.jpg\" alt=\"\" width=\"300\" height=\"224\" srcset=\"https:\/\/www.montendre.se\/wp-content\/uploads\/2012\/09\/IMG_2244-300x224.jpg 300w, https:\/\/www.montendre.se\/wp-content\/uploads\/2012\/09\/IMG_2244-1024x764.jpg 1024w, https:\/\/www.montendre.se\/wp-content\/uploads\/2012\/09\/IMG_2244-268x200.jpg 268w, https:\/\/www.montendre.se\/wp-content\/uploads\/2012\/09\/IMG_2244-700x522.jpg 700w\" sizes=\"(max-width: 300px) 100vw, 300px\" \/><\/a><\/p>\n<p>Lite jobbig storlek p\u00e5 s\u00e4ngen 130&#215;190 s\u00e5 det blir v\u00e4l sv\u00e5rt att hitta sjyssta Ikea-madrasser till den. Vi fick med b\u00e5de s\u00e4ngbotten och madrass, men man vill v\u00e4l k\u00f6pa nya fr\u00e4scha.<\/p>\n<p>P\u00e5 kl\u00e4dsk\u00e5pet \u00e4r det spegel p\u00e5 framsidan och hyllor inuti. Fick det hemk\u00f6rt gratis dessutom.<\/p>\n<p>Annars har vi planterat ett nytt persikotr\u00e4d (m\u00e5nga av de gamla tr\u00e4den h\u00e5ller ju p\u00e5 att d\u00f6 s\u00e5 vi m\u00e5ste fylla p\u00e5 med nya).<\/p>\n<p>Bj\u00f6d \u00f6ver grannarna p\u00e5 en apertif ocks\u00e5.<\/p>\n<p>&nbsp;<\/p>\n","protected":false},"excerpt":{"rendered":"<p>Idag \u00e5kte vi iv\u00e4g till tre loppmarknader. K\u00f6pte lite sm\u00e5saker men p\u00e5 sista loppmarknaden hittade vi faktiskt ett kl\u00e4dsk\u00e5p med tillh\u00f6rande s\u00e4ng ocks\u00e5 f\u00f6r ett ok pris, 180\u20ac. Lite jobbig storlek p\u00e5 s\u00e4ngen 130&#215;190 s\u00e5 det blir v\u00e4l sv\u00e5rt att hitta sjyssta Ikea-madrasser till den. Vi fick med b\u00e5de s\u00e4ngbotten &#8230;<\/p>\n","protected":false},"author":1,"featured_media":0,"comment_status":"open","ping_status":"open","sticky":false,"template":"","format":"standard","meta":{"jetpack_post_was_ever_published":false,"_jetpack_newsletter_access":"","_jetpack_dont_email_post_to_subs":false,"_jetpack_newsletter_tier_id":0,"footnotes":""},"categories":[10],"tags":[],"jetpack_sharing_enabled":true,"jetpack_featured_media_url":"","_links":{"self":[{"href":"https:\/\/www.montendre.se\/index.php?rest_route=\/wp\/v2\/posts\/238"}],"collection":[{"href":"https:\/\/www.montendre.se\/index.php?rest_route=\/wp\/v2\/posts"}],"about":[{"href":"https:\/\/www.montendre.se\/index.php?rest_route=\/wp\/v2\/types\/post"}],"author":[{"embeddable":true,"href":"https:\/\/www.montendre.se\/index.php?rest_route=\/wp\/v2\/users\/1"}],"replies":[{"embeddable":true,"href":"https:\/\/www.montendre.se\/index.php?rest_route=%2Fwp%2Fv2%2Fcomments&post=238"}],"version-history":[{"count":3,"href":"https:\/\/www.montendre.se\/index.php?rest_route=\/wp\/v2\/posts\/238\/revisions"}],"predecessor-version":[{"id":617,"href":"https:\/\/www.montendre.se\/index.php?rest_route=\/wp\/v2\/posts\/238\/revisions\/617"}],"wp:attachment":[{"href":"https:\/\/www.montendre.se\/index.php?rest_route=%2Fwp%2Fv2%2Fmedia&parent=238"}],"wp:term":[{"taxonomy":"category","embeddable":true,"href":"https:\/\/www.montendre.se\/index.php?rest_route=%2Fwp%2Fv2%2Fcategories&post=238"},{"taxonomy":"post_tag","embeddable":true,"href":"https:\/\/www.montendre.se\/index.php?rest_route=%2Fwp%2Fv2%2Ftags&post=238"}],"curies":[{"name":"wp","href":"https:\/\/api.w.org\/{rel}","templated":true}]}}