{"id":232,"date":"2012-09-01T18:39:20","date_gmt":"2012-09-01T16:39:20","guid":{"rendered":"http:\/\/www.montendre.se\/?p=232"},"modified":"2013-07-17T14:52:46","modified_gmt":"2013-07-17T12:52:46","slug":"1-september","status":"publish","type":"post","link":"https:\/\/www.montendre.se\/?p=232","title":{"rendered":"1 September"},"content":{"rendered":"<p>Idag har det varit soligt hela dagen men lite svalare i luften, bara runt 18-19 grader.<\/p>\n<p>Jag har behandlat lite tr\u00e4 mot tr\u00e4mask och spacklat lite i trappen.<\/p>\n<p>Tuktat tujatr\u00e4den som vanligt och nu har jag best\u00e4mt mig f\u00f6r att det f\u00e5r vara nog f\u00f6r den h\u00e4r resan. Mina underarmar \u00e4r helt f\u00f6rst\u00f6rda av riv och sticks\u00e5r fr\u00e5n tujan.<\/p>\n<p><a href=\"http:\/\/www.montendre.se\/wp-content\/uploads\/2012\/09\/IMG_2241.jpg\"><img loading=\"lazy\" decoding=\"async\" class=\"aligncenter size-medium wp-image-233\" title=\"IMG_2241\" src=\"http:\/\/www.montendre.se\/wp-content\/uploads\/2012\/09\/IMG_2241-224x300.jpg\" alt=\"\" width=\"224\" height=\"300\" srcset=\"https:\/\/www.montendre.se\/wp-content\/uploads\/2012\/09\/IMG_2241-224x300.jpg 224w, https:\/\/www.montendre.se\/wp-content\/uploads\/2012\/09\/IMG_2241-764x1024.jpg 764w, https:\/\/www.montendre.se\/wp-content\/uploads\/2012\/09\/IMG_2241-700x937.jpg 700w, https:\/\/www.montendre.se\/wp-content\/uploads\/2012\/09\/IMG_2241.jpg 1936w\" sizes=\"(max-width: 224px) 100vw, 224px\" \/><\/a><\/p>\n<p>De tv\u00e5 st\u00f6rsta toppskotten som jag kapat p\u00e5 h\u00e4cken. Det \u00e4r s\u00e4kert 15-20 stycken h\u00f6ga toppskott som jag kapat.<\/p>\n<p><a href=\"http:\/\/www.montendre.se\/wp-content\/uploads\/2012\/09\/IMG_2240.jpg\"><img loading=\"lazy\" decoding=\"async\" class=\"aligncenter size-medium wp-image-234\" title=\"IMG_2240\" src=\"http:\/\/www.montendre.se\/wp-content\/uploads\/2012\/09\/IMG_2240-224x300.jpg\" alt=\"\" width=\"224\" height=\"300\" srcset=\"https:\/\/www.montendre.se\/wp-content\/uploads\/2012\/09\/IMG_2240-224x300.jpg 224w, https:\/\/www.montendre.se\/wp-content\/uploads\/2012\/09\/IMG_2240-764x1024.jpg 764w, https:\/\/www.montendre.se\/wp-content\/uploads\/2012\/09\/IMG_2240-700x937.jpg 700w, https:\/\/www.montendre.se\/wp-content\/uploads\/2012\/09\/IMG_2240.jpg 1936w\" sizes=\"(max-width: 224px) 100vw, 224px\" \/><\/a><\/p>\n<p>Efter lunch gick vi en tur i byn och kollade in de tv\u00e5 loppmarknaderna. Kanske ska k\u00f6pa en lampa till hallen d\u00e4r uppe. Vi funderar&#8230; Gick \u00e4ven till den andra vin\/sprit-butiken i byn. Lite mindre, men mer fokuserad p\u00e5 vin och sprit j\u00e4mf\u00f6rt med butiken uppe vid torget.<\/p>\n<p>L har skurat matrummet och putsat mer p\u00e5 stolar och bord.<\/p>\n<p>I kv\u00e4ll ska vi iv\u00e4g och k\u00e4ka i Jonzac. Ska prova <a href=\"http:\/\/lhub.free.fr\/LeCoqdOr\/LeCoqDor.html\">Le Coq d&#8217;Or<\/a>.<\/p>\n<p>&nbsp;<\/p>\n<p>&nbsp;<\/p>\n","protected":false},"excerpt":{"rendered":"<p>Idag har det varit soligt hela dagen men lite svalare i luften, bara runt 18-19 grader. Jag har behandlat lite tr\u00e4 mot tr\u00e4mask och spacklat lite i trappen. Tuktat tujatr\u00e4den som vanligt och nu har jag best\u00e4mt mig f\u00f6r att det f\u00e5r vara nog f\u00f6r den h\u00e4r resan. Mina underarmar &#8230;<\/p>\n","protected":false},"author":1,"featured_media":0,"comment_status":"open","ping_status":"open","sticky":false,"template":"","format":"standard","meta":{"jetpack_post_was_ever_published":false,"_jetpack_newsletter_access":"","_jetpack_dont_email_post_to_subs":false,"_jetpack_newsletter_tier_id":0,"footnotes":""},"categories":[10],"tags":[],"jetpack_sharing_enabled":true,"jetpack_featured_media_url":"","_links":{"self":[{"href":"https:\/\/www.montendre.se\/index.php?rest_route=\/wp\/v2\/posts\/232"}],"collection":[{"href":"https:\/\/www.montendre.se\/index.php?rest_route=\/wp\/v2\/posts"}],"about":[{"href":"https:\/\/www.montendre.se\/index.php?rest_route=\/wp\/v2\/types\/post"}],"author":[{"embeddable":true,"href":"https:\/\/www.montendre.se\/index.php?rest_route=\/wp\/v2\/users\/1"}],"replies":[{"embeddable":true,"href":"https:\/\/www.montendre.se\/index.php?rest_route=%2Fwp%2Fv2%2Fcomments&post=232"}],"version-history":[{"count":5,"href":"https:\/\/www.montendre.se\/index.php?rest_route=\/wp\/v2\/posts\/232\/revisions"}],"predecessor-version":[{"id":604,"href":"https:\/\/www.montendre.se\/index.php?rest_route=\/wp\/v2\/posts\/232\/revisions\/604"}],"wp:attachment":[{"href":"https:\/\/www.montendre.se\/index.php?rest_route=%2Fwp%2Fv2%2Fmedia&parent=232"}],"wp:term":[{"taxonomy":"category","embeddable":true,"href":"https:\/\/www.montendre.se\/index.php?rest_route=%2Fwp%2Fv2%2Fcategories&post=232"},{"taxonomy":"post_tag","embeddable":true,"href":"https:\/\/www.montendre.se\/index.php?rest_route=%2Fwp%2Fv2%2Ftags&post=232"}],"curies":[{"name":"wp","href":"https:\/\/api.w.org\/{rel}","templated":true}]}}