{"id":2317,"date":"2016-05-09T07:55:24","date_gmt":"2016-05-09T05:55:24","guid":{"rendered":"http:\/\/www.montendre.se\/?p=2317"},"modified":"2016-05-10T07:58:02","modified_gmt":"2016-05-10T05:58:02","slug":"9-maj-2016","status":"publish","type":"post","link":"https:\/\/www.montendre.se\/?p=2317","title":{"rendered":"9 maj 2016"},"content":{"rendered":"<p>Regn till och fr\u00e5n hela dagen.<\/p>\n<p>Hade f\u00f6rbrukat 1000 skruvar s\u00e5 det var dags att handla igen.<\/p>\n<p><a href=\"http:\/\/www.montendre.se\/wp-content\/uploads\/2016\/05\/IMG_4229.jpg\"><img loading=\"lazy\" decoding=\"async\" class=\"aligncenter size-medium wp-image-2322\" src=\"http:\/\/www.montendre.se\/wp-content\/uploads\/2016\/05\/IMG_4229-225x300.jpg\" alt=\"IMG_4229\" width=\"225\" height=\"300\" srcset=\"https:\/\/www.montendre.se\/wp-content\/uploads\/2016\/05\/IMG_4229-225x300.jpg 225w, https:\/\/www.montendre.se\/wp-content\/uploads\/2016\/05\/IMG_4229.jpg 480w\" sizes=\"(max-width: 225px) 100vw, 225px\" \/><\/a>Satte upp gipsskivor p\u00e5 tv\u00e5 v\u00e4ggar. Gr\u00f6nbl\u00e5 skivor \u00e4r fukts\u00e4kra.<\/p>\n<p><a href=\"http:\/\/www.montendre.se\/wp-content\/uploads\/2016\/05\/IMG_4235.jpg\"><img loading=\"lazy\" decoding=\"async\" class=\"aligncenter size-medium wp-image-2320\" src=\"http:\/\/www.montendre.se\/wp-content\/uploads\/2016\/05\/IMG_4235-225x300.jpg\" alt=\"IMG_4235\" width=\"225\" height=\"300\" srcset=\"https:\/\/www.montendre.se\/wp-content\/uploads\/2016\/05\/IMG_4235-225x300.jpg 225w, https:\/\/www.montendre.se\/wp-content\/uploads\/2016\/05\/IMG_4235.jpg 480w\" sizes=\"(max-width: 225px) 100vw, 225px\" \/><\/a><a href=\"http:\/\/www.montendre.se\/wp-content\/uploads\/2016\/05\/IMG_4236.jpg\"><img loading=\"lazy\" decoding=\"async\" class=\"aligncenter size-medium wp-image-2321\" src=\"http:\/\/www.montendre.se\/wp-content\/uploads\/2016\/05\/IMG_4236-225x300.jpg\" alt=\"IMG_4236\" width=\"225\" height=\"300\" srcset=\"https:\/\/www.montendre.se\/wp-content\/uploads\/2016\/05\/IMG_4236-225x300.jpg 225w, https:\/\/www.montendre.se\/wp-content\/uploads\/2016\/05\/IMG_4236.jpg 480w\" sizes=\"(max-width: 225px) 100vw, 225px\" \/><\/a><\/p>\n<p>P\u00e5 de h\u00e4r tre dagarna har sparrisen v\u00e4xt 15-20 cm och \u00e4r nu f\u00f6r stor f\u00f6r att \u00e4tas. M\u00e5ste vara stressigt att vara sparrisodlare.<\/p>\n<p><a href=\"http:\/\/www.montendre.se\/wp-content\/uploads\/2016\/05\/IMG_4243.jpg\"><img loading=\"lazy\" decoding=\"async\" class=\"aligncenter size-medium wp-image-2323\" src=\"http:\/\/www.montendre.se\/wp-content\/uploads\/2016\/05\/IMG_4243-225x300.jpg\" alt=\"IMG_4243\" width=\"225\" height=\"300\" srcset=\"https:\/\/www.montendre.se\/wp-content\/uploads\/2016\/05\/IMG_4243-225x300.jpg 225w, https:\/\/www.montendre.se\/wp-content\/uploads\/2016\/05\/IMG_4243.jpg 480w\" sizes=\"(max-width: 225px) 100vw, 225px\" \/><\/a><\/p>\n<p>Valn\u00f6tstr\u00e4det har f\u00e5tt sm\u00e5 skott p\u00e5 stammen. Jag antar att man ska ta borta dessa? Annars blir det v\u00e4l grenar d\u00e4r?<\/p>\n<p><a href=\"http:\/\/www.montendre.se\/wp-content\/uploads\/2016\/05\/IMG_4240.jpg\"><img loading=\"lazy\" decoding=\"async\" class=\"aligncenter size-medium wp-image-2324\" src=\"http:\/\/www.montendre.se\/wp-content\/uploads\/2016\/05\/IMG_4240-225x300.jpg\" alt=\"IMG_4240\" width=\"225\" height=\"300\" srcset=\"https:\/\/www.montendre.se\/wp-content\/uploads\/2016\/05\/IMG_4240-225x300.jpg 225w, https:\/\/www.montendre.se\/wp-content\/uploads\/2016\/05\/IMG_4240.jpg 480w\" sizes=\"(max-width: 225px) 100vw, 225px\" \/><\/a><\/p>\n<p>L st\u00e4dade inf\u00f6r v\u00e5rt bes\u00f6k i juni d\u00e5 kompisarna kommer med.<\/p>\n<p>Middag p\u00e5 creperiet.<\/p>\n<p>&nbsp;<\/p>\n","protected":false},"excerpt":{"rendered":"<p>Regn till och fr\u00e5n hela dagen. Hade f\u00f6rbrukat 1000 skruvar s\u00e5 det var dags att handla igen. Satte upp gipsskivor p\u00e5 tv\u00e5 v\u00e4ggar. Gr\u00f6nbl\u00e5 skivor \u00e4r fukts\u00e4kra. P\u00e5 de h\u00e4r tre dagarna har sparrisen v\u00e4xt 15-20 cm och \u00e4r nu f\u00f6r stor f\u00f6r att \u00e4tas. M\u00e5ste vara stressigt att vara &#8230;<\/p>\n","protected":false},"author":1,"featured_media":0,"comment_status":"open","ping_status":"open","sticky":false,"template":"","format":"standard","meta":{"jetpack_post_was_ever_published":false,"_jetpack_newsletter_access":"","_jetpack_dont_email_post_to_subs":false,"_jetpack_newsletter_tier_id":0,"footnotes":""},"categories":[35],"tags":[],"jetpack_sharing_enabled":true,"jetpack_featured_media_url":"","_links":{"self":[{"href":"https:\/\/www.montendre.se\/index.php?rest_route=\/wp\/v2\/posts\/2317"}],"collection":[{"href":"https:\/\/www.montendre.se\/index.php?rest_route=\/wp\/v2\/posts"}],"about":[{"href":"https:\/\/www.montendre.se\/index.php?rest_route=\/wp\/v2\/types\/post"}],"author":[{"embeddable":true,"href":"https:\/\/www.montendre.se\/index.php?rest_route=\/wp\/v2\/users\/1"}],"replies":[{"embeddable":true,"href":"https:\/\/www.montendre.se\/index.php?rest_route=%2Fwp%2Fv2%2Fcomments&post=2317"}],"version-history":[{"count":4,"href":"https:\/\/www.montendre.se\/index.php?rest_route=\/wp\/v2\/posts\/2317\/revisions"}],"predecessor-version":[{"id":2327,"href":"https:\/\/www.montendre.se\/index.php?rest_route=\/wp\/v2\/posts\/2317\/revisions\/2327"}],"wp:attachment":[{"href":"https:\/\/www.montendre.se\/index.php?rest_route=%2Fwp%2Fv2%2Fmedia&parent=2317"}],"wp:term":[{"taxonomy":"category","embeddable":true,"href":"https:\/\/www.montendre.se\/index.php?rest_route=%2Fwp%2Fv2%2Fcategories&post=2317"},{"taxonomy":"post_tag","embeddable":true,"href":"https:\/\/www.montendre.se\/index.php?rest_route=%2Fwp%2Fv2%2Ftags&post=2317"}],"curies":[{"name":"wp","href":"https:\/\/api.w.org\/{rel}","templated":true}]}}