{"id":2301,"date":"2016-05-08T08:46:14","date_gmt":"2016-05-08T06:46:14","guid":{"rendered":"http:\/\/www.montendre.se\/?p=2301"},"modified":"2016-05-09T08:48:16","modified_gmt":"2016-05-09T06:48:16","slug":"8-maj-2016","status":"publish","type":"post","link":"https:\/\/www.montendre.se\/?p=2301","title":{"rendered":"8 maj 2016"},"content":{"rendered":"<p>Molnigt i princip hela dagen men inget regn. 24 grader som mest. R\u00e4tt bl\u00e5sigt.<\/p>\n<p>S\u00e5 h\u00e4r blev eldragningen p\u00e5 v\u00e4ggen in mot hallen. Drog kablarna i r\u00f6r. Det v\u00e4nstra r\u00f6ret \u00e4r f\u00f6r el till handdukstork, de tv\u00e5 r\u00f6ren till h\u00f6ger \u00e4r till str\u00f6mbrytare vid d\u00f6rren. En f\u00f6r belysning och en f\u00f6r fl\u00e4kt.<\/p>\n<p><a href=\"http:\/\/www.montendre.se\/wp-content\/uploads\/2016\/05\/IMG_4193.jpg\"><img loading=\"lazy\" decoding=\"async\" class=\"aligncenter size-medium wp-image-2303\" src=\"http:\/\/www.montendre.se\/wp-content\/uploads\/2016\/05\/IMG_4193-300x300.jpg\" alt=\"IMG_4193\" width=\"300\" height=\"300\" srcset=\"https:\/\/www.montendre.se\/wp-content\/uploads\/2016\/05\/IMG_4193-300x300.jpg 300w, https:\/\/www.montendre.se\/wp-content\/uploads\/2016\/05\/IMG_4193-150x150.jpg 150w, https:\/\/www.montendre.se\/wp-content\/uploads\/2016\/05\/IMG_4193-100x100.jpg 100w, https:\/\/www.montendre.se\/wp-content\/uploads\/2016\/05\/IMG_4193.jpg 640w\" sizes=\"(max-width: 300px) 100vw, 300px\" \/><\/a><a href=\"http:\/\/www.montendre.se\/wp-content\/uploads\/2016\/05\/IMG_4195.jpg\"><img loading=\"lazy\" decoding=\"async\" class=\"aligncenter size-medium wp-image-2305\" src=\"http:\/\/www.montendre.se\/wp-content\/uploads\/2016\/05\/IMG_4195-300x300.jpg\" alt=\"IMG_4195\" width=\"300\" height=\"300\" srcset=\"https:\/\/www.montendre.se\/wp-content\/uploads\/2016\/05\/IMG_4195-300x300.jpg 300w, https:\/\/www.montendre.se\/wp-content\/uploads\/2016\/05\/IMG_4195-150x150.jpg 150w, https:\/\/www.montendre.se\/wp-content\/uploads\/2016\/05\/IMG_4195-100x100.jpg 100w, https:\/\/www.montendre.se\/wp-content\/uploads\/2016\/05\/IMG_4195.jpg 640w\" sizes=\"(max-width: 300px) 100vw, 300px\" \/><\/a><\/p>\n<p>Och p\u00e5 v\u00e4ggen ut mot balkongen. V\u00e4nstra r\u00f6ret \u00e4r f\u00f6r vanlig v\u00e4ggkontakt. Den flyttade jag bara fr\u00e5n den gamla v\u00e4ggen som skilde toa\/duschdelen fr\u00e5n handfatsdelen. H\u00f6gra r\u00f6ret \u00e4r f\u00f6r belysning ovanf\u00f6r badrumssk\u00e5p. Den kabeln \u00e4r inte inkopplad utan ligger bara rullad uppe vid taket.<\/p>\n<p><a href=\"http:\/\/www.montendre.se\/wp-content\/uploads\/2016\/05\/IMG_4201.jpg\"><img loading=\"lazy\" decoding=\"async\" class=\"aligncenter size-medium wp-image-2307\" src=\"http:\/\/www.montendre.se\/wp-content\/uploads\/2016\/05\/IMG_4201-300x300.jpg\" alt=\"IMG_4201\" width=\"300\" height=\"300\" srcset=\"https:\/\/www.montendre.se\/wp-content\/uploads\/2016\/05\/IMG_4201-300x300.jpg 300w, https:\/\/www.montendre.se\/wp-content\/uploads\/2016\/05\/IMG_4201-150x150.jpg 150w, https:\/\/www.montendre.se\/wp-content\/uploads\/2016\/05\/IMG_4201-100x100.jpg 100w, https:\/\/www.montendre.se\/wp-content\/uploads\/2016\/05\/IMG_4201.jpg 640w\" sizes=\"(max-width: 300px) 100vw, 300px\" \/><\/a><\/p>\n<p><a href=\"http:\/\/www.montendre.se\/wp-content\/uploads\/2016\/05\/IMG_4199.jpg\"><img loading=\"lazy\" decoding=\"async\" class=\"aligncenter size-medium wp-image-2306\" src=\"http:\/\/www.montendre.se\/wp-content\/uploads\/2016\/05\/IMG_4199-300x300.jpg\" alt=\"IMG_4199\" width=\"300\" height=\"300\" srcset=\"https:\/\/www.montendre.se\/wp-content\/uploads\/2016\/05\/IMG_4199-300x300.jpg 300w, https:\/\/www.montendre.se\/wp-content\/uploads\/2016\/05\/IMG_4199-150x150.jpg 150w, https:\/\/www.montendre.se\/wp-content\/uploads\/2016\/05\/IMG_4199-100x100.jpg 100w, https:\/\/www.montendre.se\/wp-content\/uploads\/2016\/05\/IMG_4199.jpg 640w\" sizes=\"(max-width: 300px) 100vw, 300px\" \/><\/a><\/p>\n<p>Samma v\u00e4gg t\u00e4ckt med plyfa-skiva. Vatten och avloppsledningar sticker ut nere till h\u00f6ger.<\/p>\n<p><a href=\"http:\/\/www.montendre.se\/wp-content\/uploads\/2016\/05\/IMG_4217.jpg\"><img loading=\"lazy\" decoding=\"async\" class=\"aligncenter size-medium wp-image-2308\" src=\"http:\/\/www.montendre.se\/wp-content\/uploads\/2016\/05\/IMG_4217-225x300.jpg\" alt=\"IMG_4217\" width=\"225\" height=\"300\" srcset=\"https:\/\/www.montendre.se\/wp-content\/uploads\/2016\/05\/IMG_4217-225x300.jpg 225w, https:\/\/www.montendre.se\/wp-content\/uploads\/2016\/05\/IMG_4217.jpg 480w\" sizes=\"(max-width: 225px) 100vw, 225px\" \/><\/a><\/p>\n<p>Och nu \u00e4r hela rummet t\u00e4ckt med plyfa-skivor. Ledningar till dusch (till h\u00f6ger) och toa (till v\u00e4nster) syns h\u00e4r.<\/p>\n<p><a href=\"http:\/\/www.montendre.se\/wp-content\/uploads\/2016\/05\/IMG_4218.jpg\"><img loading=\"lazy\" decoding=\"async\" class=\"aligncenter size-medium wp-image-2309\" src=\"http:\/\/www.montendre.se\/wp-content\/uploads\/2016\/05\/IMG_4218-225x300.jpg\" alt=\"IMG_4218\" width=\"225\" height=\"300\" srcset=\"https:\/\/www.montendre.se\/wp-content\/uploads\/2016\/05\/IMG_4218-225x300.jpg 225w, https:\/\/www.montendre.se\/wp-content\/uploads\/2016\/05\/IMG_4218.jpg 480w\" sizes=\"(max-width: 225px) 100vw, 225px\" \/><\/a><\/p>\n<p>L fixade i ordning stenkrukan.<\/p>\n<p><a href=\"http:\/\/www.montendre.se\/wp-content\/uploads\/2016\/05\/IMG_4208.jpg\"><img loading=\"lazy\" decoding=\"async\" class=\"aligncenter size-medium wp-image-2310\" src=\"http:\/\/www.montendre.se\/wp-content\/uploads\/2016\/05\/IMG_4208-300x300.jpg\" alt=\"IMG_4208\" width=\"300\" height=\"300\" srcset=\"https:\/\/www.montendre.se\/wp-content\/uploads\/2016\/05\/IMG_4208-300x300.jpg 300w, https:\/\/www.montendre.se\/wp-content\/uploads\/2016\/05\/IMG_4208-150x150.jpg 150w, https:\/\/www.montendre.se\/wp-content\/uploads\/2016\/05\/IMG_4208-100x100.jpg 100w, https:\/\/www.montendre.se\/wp-content\/uploads\/2016\/05\/IMG_4208.jpg 640w\" sizes=\"(max-width: 300px) 100vw, 300px\" \/><\/a><\/p>\n<p>Och hon st\u00e4dade ur garaget ocks\u00e5.<\/p>\n<p><a href=\"http:\/\/www.montendre.se\/wp-content\/uploads\/2016\/05\/IMG_4224.jpg\"><img loading=\"lazy\" decoding=\"async\" class=\"aligncenter size-medium wp-image-2311\" src=\"http:\/\/www.montendre.se\/wp-content\/uploads\/2016\/05\/IMG_4224-225x300.jpg\" alt=\"IMG_4224\" width=\"225\" height=\"300\" srcset=\"https:\/\/www.montendre.se\/wp-content\/uploads\/2016\/05\/IMG_4224-225x300.jpg 225w, https:\/\/www.montendre.se\/wp-content\/uploads\/2016\/05\/IMG_4224.jpg 480w\" sizes=\"(max-width: 225px) 100vw, 225px\" \/><\/a><\/p>\n<p>Jag klippte lite gr\u00e4s och rensade lite ogr\u00e4s. Var \u00e4r hortensian?<\/p>\n<p><a href=\"http:\/\/www.montendre.se\/wp-content\/uploads\/2016\/05\/IMG_4214.jpg\"><img loading=\"lazy\" decoding=\"async\" class=\"aligncenter size-medium wp-image-2312\" src=\"http:\/\/www.montendre.se\/wp-content\/uploads\/2016\/05\/IMG_4214-225x300.jpg\" alt=\"IMG_4214\" width=\"225\" height=\"300\" srcset=\"https:\/\/www.montendre.se\/wp-content\/uploads\/2016\/05\/IMG_4214-225x300.jpg 225w, https:\/\/www.montendre.se\/wp-content\/uploads\/2016\/05\/IMG_4214.jpg 480w\" sizes=\"(max-width: 225px) 100vw, 225px\" \/><\/a><\/p>\n<p>D\u00e4r var hortensian!<\/p>\n<p><a href=\"http:\/\/www.montendre.se\/wp-content\/uploads\/2016\/05\/IMG_4216.jpg\"><img loading=\"lazy\" decoding=\"async\" class=\"aligncenter size-medium wp-image-2313\" src=\"http:\/\/www.montendre.se\/wp-content\/uploads\/2016\/05\/IMG_4216-225x300.jpg\" alt=\"IMG_4216\" width=\"225\" height=\"300\" srcset=\"https:\/\/www.montendre.se\/wp-content\/uploads\/2016\/05\/IMG_4216-225x300.jpg 225w, https:\/\/www.montendre.se\/wp-content\/uploads\/2016\/05\/IMG_4216.jpg 480w\" sizes=\"(max-width: 225px) 100vw, 225px\" \/><\/a><\/p>\n<p>Eftermiddagsfika med macarons.<\/p>\n<p><a href=\"http:\/\/www.montendre.se\/wp-content\/uploads\/2016\/05\/IMG_4209.jpg\"><img loading=\"lazy\" decoding=\"async\" class=\"aligncenter size-medium wp-image-2314\" src=\"http:\/\/www.montendre.se\/wp-content\/uploads\/2016\/05\/IMG_4209-300x300.jpg\" alt=\"IMG_4209\" width=\"300\" height=\"300\" srcset=\"https:\/\/www.montendre.se\/wp-content\/uploads\/2016\/05\/IMG_4209-300x300.jpg 300w, https:\/\/www.montendre.se\/wp-content\/uploads\/2016\/05\/IMG_4209-150x150.jpg 150w, https:\/\/www.montendre.se\/wp-content\/uploads\/2016\/05\/IMG_4209-100x100.jpg 100w, https:\/\/www.montendre.se\/wp-content\/uploads\/2016\/05\/IMG_4209.jpg 640w\" sizes=\"(max-width: 300px) 100vw, 300px\" \/><\/a><\/p>\n<p>Middag hemma. Dorade (guldsparid p\u00e5 svenska) med \u00e4pplen.<a href=\"http:\/\/www.montendre.se\/wp-content\/uploads\/2016\/05\/IMG_4226.jpg\"><img loading=\"lazy\" decoding=\"async\" class=\"aligncenter size-medium wp-image-2315\" src=\"http:\/\/www.montendre.se\/wp-content\/uploads\/2016\/05\/IMG_4226-225x300.jpg\" alt=\"IMG_4226\" width=\"225\" height=\"300\" srcset=\"https:\/\/www.montendre.se\/wp-content\/uploads\/2016\/05\/IMG_4226-225x300.jpg 225w, https:\/\/www.montendre.se\/wp-content\/uploads\/2016\/05\/IMG_4226.jpg 480w\" sizes=\"(max-width: 225px) 100vw, 225px\" \/><\/a><\/p>\n","protected":false},"excerpt":{"rendered":"<p>Molnigt i princip hela dagen men inget regn. 24 grader som mest. R\u00e4tt bl\u00e5sigt. S\u00e5 h\u00e4r blev eldragningen p\u00e5 v\u00e4ggen in mot hallen. Drog kablarna i r\u00f6r. Det v\u00e4nstra r\u00f6ret \u00e4r f\u00f6r el till handdukstork, de tv\u00e5 r\u00f6ren till h\u00f6ger \u00e4r till str\u00f6mbrytare vid d\u00f6rren. En f\u00f6r belysning och en &#8230;<\/p>\n","protected":false},"author":1,"featured_media":0,"comment_status":"open","ping_status":"open","sticky":false,"template":"","format":"standard","meta":{"jetpack_post_was_ever_published":false,"_jetpack_newsletter_access":"","_jetpack_dont_email_post_to_subs":false,"_jetpack_newsletter_tier_id":0,"footnotes":""},"categories":[35],"tags":[],"jetpack_sharing_enabled":true,"jetpack_featured_media_url":"","_links":{"self":[{"href":"https:\/\/www.montendre.se\/index.php?rest_route=\/wp\/v2\/posts\/2301"}],"collection":[{"href":"https:\/\/www.montendre.se\/index.php?rest_route=\/wp\/v2\/posts"}],"about":[{"href":"https:\/\/www.montendre.se\/index.php?rest_route=\/wp\/v2\/types\/post"}],"author":[{"embeddable":true,"href":"https:\/\/www.montendre.se\/index.php?rest_route=\/wp\/v2\/users\/1"}],"replies":[{"embeddable":true,"href":"https:\/\/www.montendre.se\/index.php?rest_route=%2Fwp%2Fv2%2Fcomments&post=2301"}],"version-history":[{"count":4,"href":"https:\/\/www.montendre.se\/index.php?rest_route=\/wp\/v2\/posts\/2301\/revisions"}],"predecessor-version":[{"id":2319,"href":"https:\/\/www.montendre.se\/index.php?rest_route=\/wp\/v2\/posts\/2301\/revisions\/2319"}],"wp:attachment":[{"href":"https:\/\/www.montendre.se\/index.php?rest_route=%2Fwp%2Fv2%2Fmedia&parent=2301"}],"wp:term":[{"taxonomy":"category","embeddable":true,"href":"https:\/\/www.montendre.se\/index.php?rest_route=%2Fwp%2Fv2%2Fcategories&post=2301"},{"taxonomy":"post_tag","embeddable":true,"href":"https:\/\/www.montendre.se\/index.php?rest_route=%2Fwp%2Fv2%2Ftags&post=2301"}],"curies":[{"name":"wp","href":"https:\/\/api.w.org\/{rel}","templated":true}]}}