{"id":2182,"date":"2016-02-17T20:22:28","date_gmt":"2016-02-17T19:22:28","guid":{"rendered":"http:\/\/www.montendre.se\/?p=2182"},"modified":"2016-02-17T20:22:28","modified_gmt":"2016-02-17T19:22:28","slug":"17-februari-2016","status":"publish","type":"post","link":"https:\/\/www.montendre.se\/?p=2182","title":{"rendered":"17 februari 2016"},"content":{"rendered":"<p>Kallt p\u00e5 morgonen, -3 grader. Frost i gr\u00e4set. Soligt idag ocks\u00e5. Kom upp i 11 grader som mest.<\/p>\n<p>B\u00f6rjade l\u00e4gga in pallbrickor mellan reglarna och taket. Gick v\u00e4l s\u00e5d\u00e4r. Blir lite ostadigt tycker jag. Kanske f\u00f6r liten del av skruven som g\u00e5r in i gamla reglarna. Men har gjort klart ena sidan om stora regeln i taket. Ser ju snett och vint ut men krysslasern s\u00e4ger n\u00e5got annat.<\/p>\n<p><a href=\"http:\/\/www.montendre.se\/wp-content\/uploads\/2016\/02\/IMG_4060.jpg\"><img loading=\"lazy\" decoding=\"async\" class=\"aligncenter size-medium wp-image-2187\" src=\"http:\/\/www.montendre.se\/wp-content\/uploads\/2016\/02\/IMG_4060-300x225.jpg\" alt=\"IMG_4060\" width=\"300\" height=\"225\" srcset=\"https:\/\/www.montendre.se\/wp-content\/uploads\/2016\/02\/IMG_4060-300x225.jpg 300w, https:\/\/www.montendre.se\/wp-content\/uploads\/2016\/02\/IMG_4060-268x200.jpg 268w, https:\/\/www.montendre.se\/wp-content\/uploads\/2016\/02\/IMG_4060.jpg 640w\" sizes=\"(max-width: 300px) 100vw, 300px\" \/><\/a><\/p>\n<p>Och med krysslaser (sv\u00e5rt att se lasersp\u00e5ret p\u00e5 fotot men om man f\u00f6rstorar det genom att klicka p\u00e5 bilden syns det kanske b\u00e4ttre):<\/p>\n<p><a href=\"http:\/\/www.montendre.se\/wp-content\/uploads\/2016\/02\/IMG_4061.jpg\"><img loading=\"lazy\" decoding=\"async\" class=\"aligncenter size-medium wp-image-2188\" src=\"http:\/\/www.montendre.se\/wp-content\/uploads\/2016\/02\/IMG_4061-300x225.jpg\" alt=\"IMG_4061\" width=\"300\" height=\"225\" srcset=\"https:\/\/www.montendre.se\/wp-content\/uploads\/2016\/02\/IMG_4061-300x225.jpg 300w, https:\/\/www.montendre.se\/wp-content\/uploads\/2016\/02\/IMG_4061-268x200.jpg 268w, https:\/\/www.montendre.se\/wp-content\/uploads\/2016\/02\/IMG_4061.jpg 640w\" sizes=\"(max-width: 300px) 100vw, 300px\" \/><\/a><\/p>\n<p>Veden \u00e4r snart slut men jag f\u00e5r ny i morgon kv\u00e4ll som tur \u00e4r.<\/p>\n<p>Middag p\u00e5 baren.<\/p>\n","protected":false},"excerpt":{"rendered":"<p>Kallt p\u00e5 morgonen, -3 grader. Frost i gr\u00e4set. Soligt idag ocks\u00e5. Kom upp i 11 grader som mest. B\u00f6rjade l\u00e4gga in pallbrickor mellan reglarna och taket. Gick v\u00e4l s\u00e5d\u00e4r. Blir lite ostadigt tycker jag. Kanske f\u00f6r liten del av skruven som g\u00e5r in i gamla reglarna. Men har gjort klart &#8230;<\/p>\n","protected":false},"author":1,"featured_media":0,"comment_status":"open","ping_status":"open","sticky":false,"template":"","format":"standard","meta":{"jetpack_post_was_ever_published":false,"_jetpack_newsletter_access":"","_jetpack_dont_email_post_to_subs":false,"_jetpack_newsletter_tier_id":0,"footnotes":""},"categories":[33],"tags":[],"jetpack_sharing_enabled":true,"jetpack_featured_media_url":"","_links":{"self":[{"href":"https:\/\/www.montendre.se\/index.php?rest_route=\/wp\/v2\/posts\/2182"}],"collection":[{"href":"https:\/\/www.montendre.se\/index.php?rest_route=\/wp\/v2\/posts"}],"about":[{"href":"https:\/\/www.montendre.se\/index.php?rest_route=\/wp\/v2\/types\/post"}],"author":[{"embeddable":true,"href":"https:\/\/www.montendre.se\/index.php?rest_route=\/wp\/v2\/users\/1"}],"replies":[{"embeddable":true,"href":"https:\/\/www.montendre.se\/index.php?rest_route=%2Fwp%2Fv2%2Fcomments&post=2182"}],"version-history":[{"count":7,"href":"https:\/\/www.montendre.se\/index.php?rest_route=\/wp\/v2\/posts\/2182\/revisions"}],"predecessor-version":[{"id":2192,"href":"https:\/\/www.montendre.se\/index.php?rest_route=\/wp\/v2\/posts\/2182\/revisions\/2192"}],"wp:attachment":[{"href":"https:\/\/www.montendre.se\/index.php?rest_route=%2Fwp%2Fv2%2Fmedia&parent=2182"}],"wp:term":[{"taxonomy":"category","embeddable":true,"href":"https:\/\/www.montendre.se\/index.php?rest_route=%2Fwp%2Fv2%2Fcategories&post=2182"},{"taxonomy":"post_tag","embeddable":true,"href":"https:\/\/www.montendre.se\/index.php?rest_route=%2Fwp%2Fv2%2Ftags&post=2182"}],"curies":[{"name":"wp","href":"https:\/\/api.w.org\/{rel}","templated":true}]}}