{"id":2079,"date":"2015-11-07T21:50:57","date_gmt":"2015-11-07T20:50:57","guid":{"rendered":"http:\/\/www.montendre.se\/?p=2079"},"modified":"2015-11-24T19:49:40","modified_gmt":"2015-11-24T18:49:40","slug":"7-november-2015","status":"publish","type":"post","link":"https:\/\/www.montendre.se\/?p=2079","title":{"rendered":"7 november 2015"},"content":{"rendered":"<p>Soligt hela dagen. N\u00e4stan 22 grader. Lunch utomhus.<\/p>\n<p>Idag n\u00e4r jag skulle st\u00e4da bort risiga tomatplantor s\u00e5g jag att det fanns massa mogna paprikor. Det missade vi n\u00e4r vi kollade runt i tr\u00e4dg\u00e5rden i b\u00f6rjan. Och observera hur sur paprikan n\u00e4st l\u00e4ngst till v\u00e4nster p\u00e5 \u00f6versta raden ser ut!<\/p>\n<p><a href=\"http:\/\/www.montendre.se\/wp-content\/uploads\/2015\/11\/IMG_3923.jpg\"><img loading=\"lazy\" decoding=\"async\" class=\"aligncenter size-medium wp-image-2089\" src=\"http:\/\/www.montendre.se\/wp-content\/uploads\/2015\/11\/IMG_3923-300x300.jpg\" alt=\"IMG_3923\" width=\"300\" height=\"300\" srcset=\"https:\/\/www.montendre.se\/wp-content\/uploads\/2015\/11\/IMG_3923-300x300.jpg 300w, https:\/\/www.montendre.se\/wp-content\/uploads\/2015\/11\/IMG_3923-150x150.jpg 150w, https:\/\/www.montendre.se\/wp-content\/uploads\/2015\/11\/IMG_3923-100x100.jpg 100w, https:\/\/www.montendre.se\/wp-content\/uploads\/2015\/11\/IMG_3923.jpg 640w\" sizes=\"(max-width: 300px) 100vw, 300px\" \/><\/a><\/p>\n<p>B\u00f6rjade titta p\u00e5 taket i badrummet idag. Skruvade bort ett ventilationsgaller och trodde jag skulle kunna titta upp ovanf\u00f6r innertaket. Nix, en innovativ ventilationsl\u00f6sning \ud83d\ude09 Ventilationsgaller f\u00f6r\u00a0syns skull kan man s\u00e4ga&#8230;<\/p>\n<p><a href=\"http:\/\/www.montendre.se\/wp-content\/uploads\/2015\/11\/IMG_3906.jpg\"><img loading=\"lazy\" decoding=\"async\" class=\"aligncenter size-medium wp-image-2082\" src=\"http:\/\/www.montendre.se\/wp-content\/uploads\/2015\/11\/IMG_3906-225x300.jpg\" alt=\"IMG_3906\" width=\"225\" height=\"300\" srcset=\"https:\/\/www.montendre.se\/wp-content\/uploads\/2015\/11\/IMG_3906-225x300.jpg 225w, https:\/\/www.montendre.se\/wp-content\/uploads\/2015\/11\/IMG_3906.jpg 480w\" sizes=\"(max-width: 225px) 100vw, 225px\" \/><\/a><\/p>\n<p>Men jag kunde \u00e5tminstone se att det var en gammaldags gipsskiva med gips ovanp\u00e5 tr\u00e4ribbor. Ovan d\u00e4r \u00e4r bj\u00e4lkar\/reglar i linje med ytterv\u00e4ggen mot tr\u00e4dg\u00e5rden. F\u00f6rmodligen f\u00e5r man ta ner gipstaket och\/eller l\u00e4gga nya reglar under det som g\u00e5r p\u00e5 tv\u00e4rsen och l\u00e4ggs s\u00e5 att jag kan skruva fast mina nya st\u00e5lreglar.<\/p>\n<p>N\u00e4r jag sedan g\u00e5r upp p\u00e5 vinden f\u00f6r att f\u00f6rs\u00f6ka se hur t\u00e4tt reglarna ligger s\u00e5 blir man lite m\u00f6rkr\u00e4dd. Golvet p\u00e5 vinden \u00e4r ju s\u00e5 murket s\u00e5 att man h\u00e4r och d\u00e4r kan trycka h\u00e5l genom plankorna. Borde bytas snarast. Och samtidigt kolla om reglarna \u00e4r okey och om det \u00e4r okey, behandla dem preventivt mot tr\u00e4mask.<\/p>\n<p>Borrade sedan genom innertaket av gips p\u00e5 ett antal st\u00e4llen f\u00f6r att hitta reglarna. De \u00e4r ju inte lika regelbundet satta som i ett nybyggt hus.<\/p>\n<p>\u00c5t grannens hus \u00e4r de ganska regelbundet satta och det finns tv\u00e5 reglar l\u00e4ngst ut p\u00e5 sidorna av taket. Bl\u00e5 tejp markerar regel.<\/p>\n<p><a href=\"http:\/\/www.montendre.se\/wp-content\/uploads\/2015\/11\/IMG_3921.jpg\"><img loading=\"lazy\" decoding=\"async\" class=\"aligncenter size-medium wp-image-2086\" src=\"http:\/\/www.montendre.se\/wp-content\/uploads\/2015\/11\/IMG_3921-300x300.jpg\" alt=\"IMG_3921\" width=\"300\" height=\"300\" srcset=\"https:\/\/www.montendre.se\/wp-content\/uploads\/2015\/11\/IMG_3921-300x300.jpg 300w, https:\/\/www.montendre.se\/wp-content\/uploads\/2015\/11\/IMG_3921-150x150.jpg 150w, https:\/\/www.montendre.se\/wp-content\/uploads\/2015\/11\/IMG_3921-100x100.jpg 100w, https:\/\/www.montendre.se\/wp-content\/uploads\/2015\/11\/IMG_3921.jpg 640w\" sizes=\"(max-width: 300px) 100vw, 300px\" \/><\/a><\/p>\n<p>&nbsp;<\/p>\n<p>\u00c5t sovrummet till (andra sidan stora tjocka regeln i taket) \u00e4r det mer spritt och inga reglar n\u00e4rmast v\u00e4ggarna.<\/p>\n<p><a href=\"http:\/\/www.montendre.se\/wp-content\/uploads\/2015\/11\/IMG_3922.jpg\"><img loading=\"lazy\" decoding=\"async\" class=\"aligncenter size-medium wp-image-2087\" src=\"http:\/\/www.montendre.se\/wp-content\/uploads\/2015\/11\/IMG_3922-300x300.jpg\" alt=\"IMG_3922\" width=\"300\" height=\"300\" srcset=\"https:\/\/www.montendre.se\/wp-content\/uploads\/2015\/11\/IMG_3922-300x300.jpg 300w, https:\/\/www.montendre.se\/wp-content\/uploads\/2015\/11\/IMG_3922-150x150.jpg 150w, https:\/\/www.montendre.se\/wp-content\/uploads\/2015\/11\/IMG_3922-100x100.jpg 100w, https:\/\/www.montendre.se\/wp-content\/uploads\/2015\/11\/IMG_3922.jpg 640w\" sizes=\"(max-width: 300px) 100vw, 300px\" \/><\/a><\/p>\n<p>Det absolut b\u00e4sta ur h\u00e5llfasthetssynpunkt vore f\u00f6rst\u00e5s att ta bort det gamla innertaket, men det k\u00e4nns som ett r\u00e4tt meckigt och dammigt jobb. S\u00e5 det kanske blir s\u00e5 att jag skruvar upp ett nytt regelsystem i taket som pl\u00e5treglarna kan f\u00e4stas i. Samtidigt ska vi g\u00f6ra ett nytt innertak som ligger under den stora tjocka bj\u00e4lken i taket. S\u00e5 egentligen \u00e4r det d\u00e4r som man vill ha en ny utg\u00e5ngspunkt. F\u00e5r fundera lite. Det ska ju vara reglar \u00e5t b\u00e5da h\u00e5llen. Hur f\u00e5r man ihop det egentligen?<\/p>\n<p>Middag p\u00e5 La Quincaillerie. N\u00e4stan fullsatt.<\/p>\n","protected":false},"excerpt":{"rendered":"<p>Soligt hela dagen. N\u00e4stan 22 grader. Lunch utomhus. Idag n\u00e4r jag skulle st\u00e4da bort risiga tomatplantor s\u00e5g jag att det fanns massa mogna paprikor. Det missade vi n\u00e4r vi kollade runt i tr\u00e4dg\u00e5rden i b\u00f6rjan. Och observera hur sur paprikan n\u00e4st l\u00e4ngst till v\u00e4nster p\u00e5 \u00f6versta raden ser ut! B\u00f6rjade &#8230;<\/p>\n","protected":false},"author":1,"featured_media":0,"comment_status":"open","ping_status":"open","sticky":false,"template":"","format":"standard","meta":{"jetpack_post_was_ever_published":false,"_jetpack_newsletter_access":"","_jetpack_dont_email_post_to_subs":false,"_jetpack_newsletter_tier_id":0,"footnotes":""},"categories":[31],"tags":[],"jetpack_sharing_enabled":true,"jetpack_featured_media_url":"","_links":{"self":[{"href":"https:\/\/www.montendre.se\/index.php?rest_route=\/wp\/v2\/posts\/2079"}],"collection":[{"href":"https:\/\/www.montendre.se\/index.php?rest_route=\/wp\/v2\/posts"}],"about":[{"href":"https:\/\/www.montendre.se\/index.php?rest_route=\/wp\/v2\/types\/post"}],"author":[{"embeddable":true,"href":"https:\/\/www.montendre.se\/index.php?rest_route=\/wp\/v2\/users\/1"}],"replies":[{"embeddable":true,"href":"https:\/\/www.montendre.se\/index.php?rest_route=%2Fwp%2Fv2%2Fcomments&post=2079"}],"version-history":[{"count":11,"href":"https:\/\/www.montendre.se\/index.php?rest_route=\/wp\/v2\/posts\/2079\/revisions"}],"predecessor-version":[{"id":2098,"href":"https:\/\/www.montendre.se\/index.php?rest_route=\/wp\/v2\/posts\/2079\/revisions\/2098"}],"wp:attachment":[{"href":"https:\/\/www.montendre.se\/index.php?rest_route=%2Fwp%2Fv2%2Fmedia&parent=2079"}],"wp:term":[{"taxonomy":"category","embeddable":true,"href":"https:\/\/www.montendre.se\/index.php?rest_route=%2Fwp%2Fv2%2Fcategories&post=2079"},{"taxonomy":"post_tag","embeddable":true,"href":"https:\/\/www.montendre.se\/index.php?rest_route=%2Fwp%2Fv2%2Ftags&post=2079"}],"curies":[{"name":"wp","href":"https:\/\/api.w.org\/{rel}","templated":true}]}}