{"id":2059,"date":"2015-11-05T19:30:24","date_gmt":"2015-11-05T18:30:24","guid":{"rendered":"http:\/\/www.montendre.se\/?p=2059"},"modified":"2015-11-24T19:43:47","modified_gmt":"2015-11-24T18:43:47","slug":"5-november-2015","status":"publish","type":"post","link":"https:\/\/www.montendre.se\/?p=2059","title":{"rendered":"5 november 2015"},"content":{"rendered":"<p>Marknadsbes\u00f6k p\u00e5 f\u00f6rmiddagen. K\u00f6pte nytt persikotr\u00e4d.<\/p>\n<p>Fr\u00e5gade om klippning av frukttr\u00e4d. Hon menade att aprikostr\u00e4d inte ska klippas efter att de b\u00f6rjat ge frukt. K\u00f6rsb\u00e4rstr\u00e4d ska inte klippas p\u00e5 vintern utan efter att frukten \u00e4r klar p\u00e5 sommaren. Persikotr\u00e4d var samma som aprikos. Man kan dock klippa om det kommer m\u00e5nga sm\u00e5 nya skott.<\/p>\n<p>Stubb-borttagarna var h\u00e4r p\u00e5 f\u00f6rmiddagen. Vi s\u00e5g inte r\u00f6ken av dem, men n\u00e4r jag gick och kollade runt ett-tiden var alla stubbar borta. Mest en massa flis kvar. T\u00e4nkte prova och s\u00e5 lite gr\u00e4s d\u00e4r.<\/p>\n<p><a href=\"http:\/\/www.montendre.se\/wp-content\/uploads\/2015\/11\/IMG_3895.jpg\"><img loading=\"lazy\" decoding=\"async\" class=\"aligncenter size-medium wp-image-2060\" src=\"http:\/\/www.montendre.se\/wp-content\/uploads\/2015\/11\/IMG_3895-225x300.jpg\" alt=\"IMG_3895\" width=\"225\" height=\"300\" srcset=\"https:\/\/www.montendre.se\/wp-content\/uploads\/2015\/11\/IMG_3895-225x300.jpg 225w, https:\/\/www.montendre.se\/wp-content\/uploads\/2015\/11\/IMG_3895.jpg 480w\" sizes=\"(max-width: 225px) 100vw, 225px\" \/><\/a>K\u00f6pt reglar f\u00f6r tak och golv. Skruvat fast tv\u00e5 stycken i r\u00e4t vinkel och r\u00e4tat upp v\u00e4ggen som \u00e4r mest sned. Best\u00e4mde att utg\u00e5ngspunkten f\u00f6r allt f\u00e5r vara d\u00f6rren till hallen. S\u00e5 f\u00f6rsta regeln la jag parallellt med d\u00f6rren.<\/p>\n<p><a href=\"http:\/\/www.montendre.se\/wp-content\/uploads\/2015\/11\/IMG_3900.jpg\"><img loading=\"lazy\" decoding=\"async\" class=\"aligncenter size-medium wp-image-2064\" src=\"http:\/\/www.montendre.se\/wp-content\/uploads\/2015\/11\/IMG_3900-300x225.jpg\" alt=\"IMG_3900\" width=\"300\" height=\"225\" srcset=\"https:\/\/www.montendre.se\/wp-content\/uploads\/2015\/11\/IMG_3900-300x225.jpg 300w, https:\/\/www.montendre.se\/wp-content\/uploads\/2015\/11\/IMG_3900-268x200.jpg 268w, https:\/\/www.montendre.se\/wp-content\/uploads\/2015\/11\/IMG_3900.jpg 640w\" sizes=\"(max-width: 300px) 100vw, 300px\" \/><\/a><\/p>\n<p>Sedan g\u00e4ller det att s\u00e4tta motsvarande regel p\u00e5 r\u00e4tt st\u00e4lle i taket. Men d\u00e4r kommer krysslasern till nytta!<\/p>\n<p>Testat med duschv\u00e4gg och gipsskivor f\u00f6r att f\u00e5 en uppfattning om hur det kan bli. Dusch till h\u00f6ger, toa till v\u00e4nster.<\/p>\n<p><a href=\"http:\/\/www.montendre.se\/wp-content\/uploads\/2015\/11\/IMG_3898.jpg\"><img loading=\"lazy\" decoding=\"async\" class=\"aligncenter size-medium wp-image-2065\" src=\"http:\/\/www.montendre.se\/wp-content\/uploads\/2015\/11\/IMG_3898-300x225.jpg\" alt=\"IMG_3898\" width=\"300\" height=\"225\" srcset=\"https:\/\/www.montendre.se\/wp-content\/uploads\/2015\/11\/IMG_3898-300x225.jpg 300w, https:\/\/www.montendre.se\/wp-content\/uploads\/2015\/11\/IMG_3898-268x200.jpg 268w, https:\/\/www.montendre.se\/wp-content\/uploads\/2015\/11\/IMG_3898.jpg 640w\" sizes=\"(max-width: 300px) 100vw, 300px\" \/><\/a><\/p>\n<p>&nbsp;<\/p>\n<p>&nbsp;<\/p>\n<p>Lite sol p\u00e5 f\u00f6rmiddagen och lite duggregn p\u00e5 eftermiddagen idag. Satt ute och k\u00e4kade lunch \u00e4nd\u00e5.<\/p>\n<p>Middag hemma. Ostron, kron\u00e4rtskockor och pilgrimsmusslor p\u00e5 spett.<\/p>\n<p><a href=\"http:\/\/www.montendre.se\/wp-content\/uploads\/2015\/11\/IMG_3901.jpg\"><img loading=\"lazy\" decoding=\"async\" class=\"aligncenter size-medium wp-image-2070\" src=\"http:\/\/www.montendre.se\/wp-content\/uploads\/2015\/11\/IMG_3901-300x225.jpg\" alt=\"IMG_3901\" width=\"300\" height=\"225\" srcset=\"https:\/\/www.montendre.se\/wp-content\/uploads\/2015\/11\/IMG_3901-300x225.jpg 300w, https:\/\/www.montendre.se\/wp-content\/uploads\/2015\/11\/IMG_3901-268x200.jpg 268w, https:\/\/www.montendre.se\/wp-content\/uploads\/2015\/11\/IMG_3901.jpg 640w\" sizes=\"(max-width: 300px) 100vw, 300px\" \/><\/a><\/p>\n","protected":false},"excerpt":{"rendered":"<p>Marknadsbes\u00f6k p\u00e5 f\u00f6rmiddagen. K\u00f6pte nytt persikotr\u00e4d. Fr\u00e5gade om klippning av frukttr\u00e4d. Hon menade att aprikostr\u00e4d inte ska klippas efter att de b\u00f6rjat ge frukt. K\u00f6rsb\u00e4rstr\u00e4d ska inte klippas p\u00e5 vintern utan efter att frukten \u00e4r klar p\u00e5 sommaren. Persikotr\u00e4d var samma som aprikos. Man kan dock klippa om det kommer &#8230;<\/p>\n","protected":false},"author":1,"featured_media":0,"comment_status":"open","ping_status":"open","sticky":false,"template":"","format":"standard","meta":{"jetpack_post_was_ever_published":false,"_jetpack_newsletter_access":"","_jetpack_dont_email_post_to_subs":false,"_jetpack_newsletter_tier_id":0,"footnotes":""},"categories":[31],"tags":[],"jetpack_sharing_enabled":true,"jetpack_featured_media_url":"","_links":{"self":[{"href":"https:\/\/www.montendre.se\/index.php?rest_route=\/wp\/v2\/posts\/2059"}],"collection":[{"href":"https:\/\/www.montendre.se\/index.php?rest_route=\/wp\/v2\/posts"}],"about":[{"href":"https:\/\/www.montendre.se\/index.php?rest_route=\/wp\/v2\/types\/post"}],"author":[{"embeddable":true,"href":"https:\/\/www.montendre.se\/index.php?rest_route=\/wp\/v2\/users\/1"}],"replies":[{"embeddable":true,"href":"https:\/\/www.montendre.se\/index.php?rest_route=%2Fwp%2Fv2%2Fcomments&post=2059"}],"version-history":[{"count":9,"href":"https:\/\/www.montendre.se\/index.php?rest_route=\/wp\/v2\/posts\/2059\/revisions"}],"predecessor-version":[{"id":2095,"href":"https:\/\/www.montendre.se\/index.php?rest_route=\/wp\/v2\/posts\/2059\/revisions\/2095"}],"wp:attachment":[{"href":"https:\/\/www.montendre.se\/index.php?rest_route=%2Fwp%2Fv2%2Fmedia&parent=2059"}],"wp:term":[{"taxonomy":"category","embeddable":true,"href":"https:\/\/www.montendre.se\/index.php?rest_route=%2Fwp%2Fv2%2Fcategories&post=2059"},{"taxonomy":"post_tag","embeddable":true,"href":"https:\/\/www.montendre.se\/index.php?rest_route=%2Fwp%2Fv2%2Ftags&post=2059"}],"curies":[{"name":"wp","href":"https:\/\/api.w.org\/{rel}","templated":true}]}}