{"id":2038,"date":"2015-11-03T21:11:07","date_gmt":"2015-11-03T20:11:07","guid":{"rendered":"http:\/\/www.montendre.se\/?p=2038"},"modified":"2015-11-24T19:46:38","modified_gmt":"2015-11-24T18:46:38","slug":"3-november-2015","status":"publish","type":"post","link":"https:\/\/www.montendre.se\/?p=2038","title":{"rendered":"3 november 2015"},"content":{"rendered":"<p>Testade att m\u00f6blera om lite ig\u00e5r. S\u00e5 nu \u00e4r matrummet mer ett vardagsrum med soffa och matbord.<\/p>\n<p><a href=\"http:\/\/www.montendre.se\/wp-content\/uploads\/2015\/11\/IMG_3883.jpg\"><img loading=\"lazy\" decoding=\"async\" class=\"aligncenter size-medium wp-image-2040\" src=\"http:\/\/www.montendre.se\/wp-content\/uploads\/2015\/11\/IMG_3883-300x225.jpg\" alt=\"IMG_3883\" width=\"300\" height=\"225\" srcset=\"https:\/\/www.montendre.se\/wp-content\/uploads\/2015\/11\/IMG_3883-300x225.jpg 300w, https:\/\/www.montendre.se\/wp-content\/uploads\/2015\/11\/IMG_3883-268x200.jpg 268w, https:\/\/www.montendre.se\/wp-content\/uploads\/2015\/11\/IMG_3883.jpg 640w\" sizes=\"(max-width: 300px) 100vw, 300px\" \/><\/a>Fortsatte med badrummet. Skulle fixa en ny\u00a0tr\u00f6skel f\u00f6r balkongd\u00f6rren och kapa det d\u00f6rrbladet. Inte helt l\u00e4tt att f\u00e5 bort den d\u00f6rren heller. Lyckades efter m\u00e5nga f\u00f6rs\u00f6k. H\u00e5ller p\u00e5 att m\u00e5la tr\u00f6skeln nu.<\/p>\n<p>\u00c5kte till PointP och k\u00f6pte 500 skruv till skivorna som jag ska skruva i imorgon. Pratade lite mer med dem om hur gipsv\u00e4ggarna ska s\u00e4ttas upp. M\u00e5ste kanske be r\u00f6rmokaren Albert flytta ut nya toaavloppet och kallvattenr\u00f6ret till toan. F\u00e5r inte plats med skenorna som ska sitta bakom gipsskivorna.<\/p>\n<p>Lite sol p\u00e5 f\u00f6rmiddagen, regn p\u00e5 eftermiddagen. Svalare, tror det var runt 15 grader.<\/p>\n<p>Middag p\u00e5 Comptoir du March\u00e9 i Jonzac.<\/p>\n","protected":false},"excerpt":{"rendered":"<p>Testade att m\u00f6blera om lite ig\u00e5r. S\u00e5 nu \u00e4r matrummet mer ett vardagsrum med soffa och matbord. Fortsatte med badrummet. Skulle fixa en ny\u00a0tr\u00f6skel f\u00f6r balkongd\u00f6rren och kapa det d\u00f6rrbladet. Inte helt l\u00e4tt att f\u00e5 bort den d\u00f6rren heller. Lyckades efter m\u00e5nga f\u00f6rs\u00f6k. H\u00e5ller p\u00e5 att m\u00e5la tr\u00f6skeln nu. \u00c5kte &#8230;<\/p>\n","protected":false},"author":1,"featured_media":0,"comment_status":"open","ping_status":"open","sticky":false,"template":"","format":"standard","meta":{"jetpack_post_was_ever_published":false,"_jetpack_newsletter_access":"","_jetpack_dont_email_post_to_subs":false,"_jetpack_newsletter_tier_id":0,"footnotes":""},"categories":[31],"tags":[],"jetpack_sharing_enabled":true,"jetpack_featured_media_url":"","_links":{"self":[{"href":"https:\/\/www.montendre.se\/index.php?rest_route=\/wp\/v2\/posts\/2038"}],"collection":[{"href":"https:\/\/www.montendre.se\/index.php?rest_route=\/wp\/v2\/posts"}],"about":[{"href":"https:\/\/www.montendre.se\/index.php?rest_route=\/wp\/v2\/types\/post"}],"author":[{"embeddable":true,"href":"https:\/\/www.montendre.se\/index.php?rest_route=\/wp\/v2\/users\/1"}],"replies":[{"embeddable":true,"href":"https:\/\/www.montendre.se\/index.php?rest_route=%2Fwp%2Fv2%2Fcomments&post=2038"}],"version-history":[{"count":7,"href":"https:\/\/www.montendre.se\/index.php?rest_route=\/wp\/v2\/posts\/2038\/revisions"}],"predecessor-version":[{"id":2097,"href":"https:\/\/www.montendre.se\/index.php?rest_route=\/wp\/v2\/posts\/2038\/revisions\/2097"}],"wp:attachment":[{"href":"https:\/\/www.montendre.se\/index.php?rest_route=%2Fwp%2Fv2%2Fmedia&parent=2038"}],"wp:term":[{"taxonomy":"category","embeddable":true,"href":"https:\/\/www.montendre.se\/index.php?rest_route=%2Fwp%2Fv2%2Fcategories&post=2038"},{"taxonomy":"post_tag","embeddable":true,"href":"https:\/\/www.montendre.se\/index.php?rest_route=%2Fwp%2Fv2%2Ftags&post=2038"}],"curies":[{"name":"wp","href":"https:\/\/api.w.org\/{rel}","templated":true}]}}