{"id":1989,"date":"2015-09-03T08:13:42","date_gmt":"2015-09-03T06:13:42","guid":{"rendered":"http:\/\/www.montendre.se\/?p=1989"},"modified":"2015-09-04T08:14:27","modified_gmt":"2015-09-04T06:14:27","slug":"3-september-2015","status":"publish","type":"post","link":"https:\/\/www.montendre.se\/?p=1989","title":{"rendered":"3 september 2015"},"content":{"rendered":"<p>Soligt i princip hela dagen, 23-24 grader.<\/p>\n<p>B\u00f6rjade fixa ytterligare en f\u00f6nsterhalva i sydv\u00e4stra sovrummet p\u00e5 ovanv\u00e5ningen. En ruta spr\u00e4ckt fr\u00e5n b\u00f6rjan. Hade t\u00e4nkt\u00a0skrapa bort f\u00e4rg b\u00e5de p\u00e5 in- och ut-sidan. Lika bra n\u00e4r man \u00e4nd\u00e5 har f\u00f6nstret nertaget. Ska ju m\u00e5las om p\u00e5 insidan n\u00e5gon g\u00e5ng i alla fall. Men tyv\u00e4rr hann jag inte hela insidan&#8230; Oljat in f\u00f6nstret ocks\u00e5 s\u00e5 kittar jag i morgon.<\/p>\n<p>L rensade fler rabatter.<\/p>\n<p><a href=\"http:\/\/www.montendre.se\/wp-content\/uploads\/2015\/09\/IMG_3798.jpg\"><img loading=\"lazy\" decoding=\"async\" class=\"aligncenter size-medium wp-image-1995\" src=\"http:\/\/www.montendre.se\/wp-content\/uploads\/2015\/09\/IMG_3798-300x225.jpg\" alt=\"IMG_3798\" width=\"300\" height=\"225\" srcset=\"https:\/\/www.montendre.se\/wp-content\/uploads\/2015\/09\/IMG_3798-300x225.jpg 300w, https:\/\/www.montendre.se\/wp-content\/uploads\/2015\/09\/IMG_3798-268x200.jpg 268w, https:\/\/www.montendre.se\/wp-content\/uploads\/2015\/09\/IMG_3798.jpg 640w\" sizes=\"(max-width: 300px) 100vw, 300px\" \/><\/a><\/p>\n<p>Verkar som vinbutiken uppe vid torget bommade igen ig\u00e5r. Trist.<\/p>\n<p>Middag hemma. Ostron och palourder.<\/p>\n","protected":false},"excerpt":{"rendered":"<p>Soligt i princip hela dagen, 23-24 grader. B\u00f6rjade fixa ytterligare en f\u00f6nsterhalva i sydv\u00e4stra sovrummet p\u00e5 ovanv\u00e5ningen. En ruta spr\u00e4ckt fr\u00e5n b\u00f6rjan. Hade t\u00e4nkt\u00a0skrapa bort f\u00e4rg b\u00e5de p\u00e5 in- och ut-sidan. Lika bra n\u00e4r man \u00e4nd\u00e5 har f\u00f6nstret nertaget. Ska ju m\u00e5las om p\u00e5 insidan n\u00e5gon g\u00e5ng i alla fall. &#8230;<\/p>\n","protected":false},"author":1,"featured_media":0,"comment_status":"open","ping_status":"open","sticky":false,"template":"","format":"standard","meta":{"jetpack_post_was_ever_published":false,"_jetpack_newsletter_access":"","_jetpack_dont_email_post_to_subs":false,"_jetpack_newsletter_tier_id":0,"footnotes":""},"categories":[30],"tags":[],"jetpack_sharing_enabled":true,"jetpack_featured_media_url":"","_links":{"self":[{"href":"https:\/\/www.montendre.se\/index.php?rest_route=\/wp\/v2\/posts\/1989"}],"collection":[{"href":"https:\/\/www.montendre.se\/index.php?rest_route=\/wp\/v2\/posts"}],"about":[{"href":"https:\/\/www.montendre.se\/index.php?rest_route=\/wp\/v2\/types\/post"}],"author":[{"embeddable":true,"href":"https:\/\/www.montendre.se\/index.php?rest_route=\/wp\/v2\/users\/1"}],"replies":[{"embeddable":true,"href":"https:\/\/www.montendre.se\/index.php?rest_route=%2Fwp%2Fv2%2Fcomments&post=1989"}],"version-history":[{"count":6,"href":"https:\/\/www.montendre.se\/index.php?rest_route=\/wp\/v2\/posts\/1989\/revisions"}],"predecessor-version":[{"id":1997,"href":"https:\/\/www.montendre.se\/index.php?rest_route=\/wp\/v2\/posts\/1989\/revisions\/1997"}],"wp:attachment":[{"href":"https:\/\/www.montendre.se\/index.php?rest_route=%2Fwp%2Fv2%2Fmedia&parent=1989"}],"wp:term":[{"taxonomy":"category","embeddable":true,"href":"https:\/\/www.montendre.se\/index.php?rest_route=%2Fwp%2Fv2%2Fcategories&post=1989"},{"taxonomy":"post_tag","embeddable":true,"href":"https:\/\/www.montendre.se\/index.php?rest_route=%2Fwp%2Fv2%2Ftags&post=1989"}],"curies":[{"name":"wp","href":"https:\/\/api.w.org\/{rel}","templated":true}]}}