{"id":1970,"date":"2015-09-01T23:41:44","date_gmt":"2015-09-01T21:41:44","guid":{"rendered":"http:\/\/www.montendre.se\/?p=1970"},"modified":"2015-09-01T23:41:44","modified_gmt":"2015-09-01T21:41:44","slug":"1-september-2015","status":"publish","type":"post","link":"https:\/\/www.montendre.se\/?p=1970","title":{"rendered":"1 september 2015"},"content":{"rendered":"<p>Regnat mycket i natt, 8 mm. Molnigt p\u00e5 f\u00f6rmiddagen och bara 17 grader vid niotiden. Sol fr.o.m. 12-tiden. Runt 20-24 grader i skuggan men i solen \u00e4r det f\u00f6rst\u00e5s v\u00e4ldigt varmt fortfarande.<\/p>\n<p>T\u00e4tat f\u00f6nster i v\u00e5rt sovrum. F\u00e5r se om det g\u00f6r n\u00e5gon skillnad i vinter. N\u00e4r det bl\u00e5ste rej\u00e4lt f\u00f6rra veckan s\u00e5 k\u00e4nde man hur ot\u00e4tt f\u00f6nstret var. Det n\u00e4stan fladdrade i h\u00e5ret n\u00e4r man stod vid f\u00f6nstret. Kanske inte i mitt h\u00e5r men i Ls \ud83d\ude42<\/p>\n<p>Rensat lite bj\u00f6rnb\u00e4rssn\u00e5r och p\u00e5b\u00f6rjat konvertering fr\u00e5n slyigt omr\u00e5de till gr\u00e4smatta. Tagit jord fr\u00e5n Georges gamla g\u00f6dselh\u00f6g till h\u00f6ger p\u00e5 bilden. Ska f\u00f6rs\u00f6ka s\u00e5 lite gr\u00e4s d\u00e4r ocks\u00e5.<\/p>\n<p><a href=\"http:\/\/www.montendre.se\/wp-content\/uploads\/2015\/09\/IMG_3778.jpg\"><img loading=\"lazy\" decoding=\"async\" class=\"aligncenter size-medium wp-image-1973\" src=\"http:\/\/www.montendre.se\/wp-content\/uploads\/2015\/09\/IMG_3778-300x225.jpg\" alt=\"IMG_3778\" width=\"300\" height=\"225\" srcset=\"https:\/\/www.montendre.se\/wp-content\/uploads\/2015\/09\/IMG_3778-300x225.jpg 300w, https:\/\/www.montendre.se\/wp-content\/uploads\/2015\/09\/IMG_3778-268x200.jpg 268w, https:\/\/www.montendre.se\/wp-content\/uploads\/2015\/09\/IMG_3778.jpg 640w\" sizes=\"(max-width: 300px) 100vw, 300px\" \/><\/a><\/p>\n<p>Bes\u00f6kte byns byggmarknad (inte Bricomarch\u00e9 utan PointP). Fr\u00e5gade om badrumsprojektet och de var v\u00e4ldigt hj\u00e4lpsamma och trevliga. Kunde n\u00e5gra ord engelska ocks\u00e5. De tyckte en &#8221;vattens\u00e4ker&#8221; tr\u00e4skiva funkade bra till golvet. Sedan tyckte han det var on\u00f6digt med fuktsp\u00e4rr p\u00e5 sj\u00e4lva golvet eftersom det inte kommer n\u00e5got vatten d\u00e4r, men jag tycker nog man ska ha fuktsp\u00e4rr i omr\u00e5dena runt dusch och handfat i alla fall.<\/p>\n<p>&#8221;Beton cellulaire&#8221; f\u00f6r duschv\u00e4ggen tyckte han var bra, 10 cm. Sedan kunde man kakla direkt p\u00e5 den. Den \u00e4r fukts\u00e4ker. F\u00f6r kakling p\u00e5 husv\u00e4ggarna kunde man k\u00f6ra direkt p\u00e5 teglet men f\u00f6rst en fuktsp\u00e4rr. F\u00f6r den bakre v\u00e4ggen i duschh\u00f6rnan som vetter mot yttre v\u00e4ggen och som m\u00e5ste r\u00e4tas upp f\u00f6reslog han att bara r\u00e4ta upp den vid duschen. Och d\u00e5 ta en vattens\u00e4ker skiva som med en regel i ena \u00e4nden vinklas upp s\u00e5 att h\u00f6rnet blir 90 grader.<\/p>\n<p>Klippt lite gr\u00e4s ocks\u00e5.<\/p>\n<p>Testade ny restaurang i Barbezieux, <a href=\"http:\/\/restaurant-lebonrepas.fr\">Le Bon Repas<\/a>. Hyfsat st\u00e4lle. Tog en trer\u00e4tters meny f\u00f6r 18\u20ac.<\/p>\n","protected":false},"excerpt":{"rendered":"<p>Regnat mycket i natt, 8 mm. Molnigt p\u00e5 f\u00f6rmiddagen och bara 17 grader vid niotiden. Sol fr.o.m. 12-tiden. Runt 20-24 grader i skuggan men i solen \u00e4r det f\u00f6rst\u00e5s v\u00e4ldigt varmt fortfarande. T\u00e4tat f\u00f6nster i v\u00e5rt sovrum. F\u00e5r se om det g\u00f6r n\u00e5gon skillnad i vinter. N\u00e4r det bl\u00e5ste rej\u00e4lt &#8230;<\/p>\n","protected":false},"author":1,"featured_media":0,"comment_status":"open","ping_status":"open","sticky":false,"template":"","format":"standard","meta":{"jetpack_post_was_ever_published":false,"_jetpack_newsletter_access":"","_jetpack_dont_email_post_to_subs":false,"_jetpack_newsletter_tier_id":0,"footnotes":""},"categories":[30],"tags":[],"jetpack_sharing_enabled":true,"jetpack_featured_media_url":"","_links":{"self":[{"href":"https:\/\/www.montendre.se\/index.php?rest_route=\/wp\/v2\/posts\/1970"}],"collection":[{"href":"https:\/\/www.montendre.se\/index.php?rest_route=\/wp\/v2\/posts"}],"about":[{"href":"https:\/\/www.montendre.se\/index.php?rest_route=\/wp\/v2\/types\/post"}],"author":[{"embeddable":true,"href":"https:\/\/www.montendre.se\/index.php?rest_route=\/wp\/v2\/users\/1"}],"replies":[{"embeddable":true,"href":"https:\/\/www.montendre.se\/index.php?rest_route=%2Fwp%2Fv2%2Fcomments&post=1970"}],"version-history":[{"count":4,"href":"https:\/\/www.montendre.se\/index.php?rest_route=\/wp\/v2\/posts\/1970\/revisions"}],"predecessor-version":[{"id":1975,"href":"https:\/\/www.montendre.se\/index.php?rest_route=\/wp\/v2\/posts\/1970\/revisions\/1975"}],"wp:attachment":[{"href":"https:\/\/www.montendre.se\/index.php?rest_route=%2Fwp%2Fv2%2Fmedia&parent=1970"}],"wp:term":[{"taxonomy":"category","embeddable":true,"href":"https:\/\/www.montendre.se\/index.php?rest_route=%2Fwp%2Fv2%2Fcategories&post=1970"},{"taxonomy":"post_tag","embeddable":true,"href":"https:\/\/www.montendre.se\/index.php?rest_route=%2Fwp%2Fv2%2Ftags&post=1970"}],"curies":[{"name":"wp","href":"https:\/\/api.w.org\/{rel}","templated":true}]}}