{"id":1960,"date":"2015-08-31T20:51:18","date_gmt":"2015-08-31T18:51:18","guid":{"rendered":"http:\/\/www.montendre.se\/?p=1960"},"modified":"2015-08-31T20:51:18","modified_gmt":"2015-08-31T18:51:18","slug":"31-augusti-2015","status":"publish","type":"post","link":"https:\/\/www.montendre.se\/?p=1960","title":{"rendered":"31 augusti 2015"},"content":{"rendered":"<p>R\u00e4tt molnigt men solglimtar ibland. Runt 30\u00a0grader som mest. R\u00e4tt kvavt dock. B\u00f6rjade regna fram\u00e5t sjutiden p\u00e5 kv\u00e4llen. D\u00e5 sj\u00f6nk temperaturen till 22-23 grader. R\u00e4tt sk\u00f6nt faktiskt.<\/p>\n<p>Lagade gr\u00e4sklipparen. Drivremmen hade inte g\u00e5tt av som jag trodde utan bara lossnat. Efter mycket b\u00f6k och m\u00e5nga bortskruvade skruvar lyckades jag f\u00e5 dit den igen.<\/p>\n<p>Klippt lite gr\u00e4s.<\/p>\n<p>M\u00e5lat klart och satt dit ventilerna. F\u00e5r vi se om antalet spindlar minskar n\u00e5got.<\/p>\n<p><a href=\"http:\/\/www.montendre.se\/wp-content\/uploads\/2015\/08\/IMG_3772.jpg\"><img loading=\"lazy\" decoding=\"async\" class=\"aligncenter size-medium wp-image-1967\" src=\"http:\/\/www.montendre.se\/wp-content\/uploads\/2015\/08\/IMG_3772-300x225.jpg\" alt=\"IMG_3772\" width=\"300\" height=\"225\" srcset=\"https:\/\/www.montendre.se\/wp-content\/uploads\/2015\/08\/IMG_3772-300x225.jpg 300w, https:\/\/www.montendre.se\/wp-content\/uploads\/2015\/08\/IMG_3772-268x200.jpg 268w, https:\/\/www.montendre.se\/wp-content\/uploads\/2015\/08\/IMG_3772.jpg 640w\" sizes=\"(max-width: 300px) 100vw, 300px\" \/><\/a><\/p>\n<p>B\u00f6rjat fundera mer p\u00e5 badrummet. P\u00e5 onsdag kommer ju r\u00f6rmokaren och b\u00f6rjar plocka bort gamla r\u00f6r och f\u00f6rbereda flytt av toan.<\/p>\n<p>Tanken \u00e4r att l\u00e4gga en 25-28 mm skiva p\u00e5 golvet f\u00f6r att j\u00e4mna ut och ge stadga \u00e5t klinker.<\/p>\n<p>Sedan fuktsp\u00e4rr p\u00e5 golvet och s\u00e5 <a href=\"http:\/\/www.leroymerlin.fr\/v3\/p\/produits\/carrelage-interieur-architecte-octogone-en-cerame-pleine-masse-blanc-15-x-15-cm-e6631\">klinkers<\/a>\u00a0med <a href=\"http:\/\/www.byggfabriken.com\/sortiment\/kakel-och-klinker\/victorian-floor-tiles\/monster\/info\/product\/321-310-victorian-tiles-kingsley\/\">b\u00e5rd<\/a>. Utom i duschh\u00f6rnan d\u00e4r det blir ett litet duschkar, 80&#215;80 cm, t.ex. <a href=\"http:\/\/www.leroymerlin.fr\/v3\/p\/produits\/receveur-de-douche-sensea-asca-2-extra-plat-gres-emaille-carre-80-x-80-cm-e176830\">Receveur douche<\/a>.<\/p>\n<p>P\u00e5 v\u00e4ggarna funderar jag p\u00e5 om jag ska s\u00e4tta ett litet <a href=\"http:\/\/www.leroymerlin.fr\/v3\/p\/produits\/montant-de-48-35-mm-long-2-60m-e34103\">regelverk<\/a> f\u00f6r att sedan s\u00e4tta gipsskivor p\u00e5 det. Blir j\u00e4mnare underlag och f\u00f6rmodligen l\u00e4ttare att kakla mm. G\u00f6r ju rummet mindre f\u00f6rst\u00e5s. Kanske sv\u00e5rt att s\u00e4tta upp reglarna s\u00e5 att de j\u00e4mnar ut eventuella oj\u00e4mnheter i v\u00e4ggarna? Reglarna g\u00f6r det l\u00e4ttare med elen ocks\u00e5. Kan dras fram &#8221;osynligt&#8221; till ev handdukstork, belysning \u00f6ver handfat, uttag mm.<\/p>\n<p>Den tredje duschv\u00e4ggen byggs upp av s.k. <a href=\"http:\/\/www.leroymerlin.fr\/v3\/p\/produits\/carreau-de-beton-cellulaire-axton-60-x-25-x-7-cm-e133090#&amp;xtmc=beton_cellulaire&amp;xtcr=17\">beton cellulaire<\/a> och sedan <a href=\"http:\/\/www.leroymerlin.fr\/v3\/p\/produits\/plaque-de-platre-kh-hydro-nf-h1-2-5x1-2-m-ba13-entraxe-60cm-e59752#&amp;xtmc=plaque_du_platre&amp;xtcr=5\">vattens\u00e4kra gipsskivor<\/a> p\u00e5 det och s\u00e5 kakel utanp\u00e5.<\/p>\n<p>N\u00e5gra problem:<\/p>\n<p>&#8211; d\u00f6rr ut mot balkong g\u00e5r in\u00e5t och kommer sl\u00e5 i golvet i och med att det h\u00f6js<br \/>\n&#8211; hur f\u00e4ster jag reglarna mot gamla v\u00e4ggen och f\u00e5r det till vinkelr\u00e4ta h\u00f6rn och raka v\u00e4ggar?<br \/>\n&#8211; tredje v\u00e4ggen i duschen, beton cellulaire som fogas och som f\u00e4sts mot v\u00e4ggen i bakkant. B\u00f6r vara en regel precis d\u00e4r f\u00f6rst\u00e5s? Blir det stadigt nog?<br \/>\n&#8211; hur r\u00e4knar man tjocklekar p\u00e5 allting? hur tjockt \u00e4r lagret med klister f\u00f6r kaklet? hur tjockt \u00e4r kaklet? Ytterligare fuktsp\u00e4rr p\u00e5 gipsskivan som \u00e4r s.k. &#8221;hydrofuge&#8221;? Hur tjockt blir det?<br \/>\n&#8211; reglar och gipsskivor g\u00f6r v\u00e4ggarna tjockare. Hur hanterar man det vid d\u00f6rrarna?<\/p>\n<p>Middag hemma. Ostron sedan linser med egna mor\u00f6tter, kryddor och egen purjol\u00f6k.<\/p>\n","protected":false},"excerpt":{"rendered":"<p>R\u00e4tt molnigt men solglimtar ibland. Runt 30\u00a0grader som mest. R\u00e4tt kvavt dock. B\u00f6rjade regna fram\u00e5t sjutiden p\u00e5 kv\u00e4llen. D\u00e5 sj\u00f6nk temperaturen till 22-23 grader. R\u00e4tt sk\u00f6nt faktiskt. Lagade gr\u00e4sklipparen. Drivremmen hade inte g\u00e5tt av som jag trodde utan bara lossnat. Efter mycket b\u00f6k och m\u00e5nga bortskruvade skruvar lyckades jag f\u00e5 &#8230;<\/p>\n","protected":false},"author":1,"featured_media":0,"comment_status":"open","ping_status":"open","sticky":false,"template":"","format":"standard","meta":{"jetpack_post_was_ever_published":false,"_jetpack_newsletter_access":"","_jetpack_dont_email_post_to_subs":false,"_jetpack_newsletter_tier_id":0,"footnotes":""},"categories":[30],"tags":[],"jetpack_sharing_enabled":true,"jetpack_featured_media_url":"","_links":{"self":[{"href":"https:\/\/www.montendre.se\/index.php?rest_route=\/wp\/v2\/posts\/1960"}],"collection":[{"href":"https:\/\/www.montendre.se\/index.php?rest_route=\/wp\/v2\/posts"}],"about":[{"href":"https:\/\/www.montendre.se\/index.php?rest_route=\/wp\/v2\/types\/post"}],"author":[{"embeddable":true,"href":"https:\/\/www.montendre.se\/index.php?rest_route=\/wp\/v2\/users\/1"}],"replies":[{"embeddable":true,"href":"https:\/\/www.montendre.se\/index.php?rest_route=%2Fwp%2Fv2%2Fcomments&post=1960"}],"version-history":[{"count":8,"href":"https:\/\/www.montendre.se\/index.php?rest_route=\/wp\/v2\/posts\/1960\/revisions"}],"predecessor-version":[{"id":1969,"href":"https:\/\/www.montendre.se\/index.php?rest_route=\/wp\/v2\/posts\/1960\/revisions\/1969"}],"wp:attachment":[{"href":"https:\/\/www.montendre.se\/index.php?rest_route=%2Fwp%2Fv2%2Fmedia&parent=1960"}],"wp:term":[{"taxonomy":"category","embeddable":true,"href":"https:\/\/www.montendre.se\/index.php?rest_route=%2Fwp%2Fv2%2Fcategories&post=1960"},{"taxonomy":"post_tag","embeddable":true,"href":"https:\/\/www.montendre.se\/index.php?rest_route=%2Fwp%2Fv2%2Ftags&post=1960"}],"curies":[{"name":"wp","href":"https:\/\/api.w.org\/{rel}","templated":true}]}}