{"id":1937,"date":"2015-08-29T21:37:22","date_gmt":"2015-08-29T19:37:22","guid":{"rendered":"http:\/\/www.montendre.se\/?p=1937"},"modified":"2015-08-29T21:37:22","modified_gmt":"2015-08-29T19:37:22","slug":"29-augusti-2015","status":"publish","type":"post","link":"https:\/\/www.montendre.se\/?p=1937","title":{"rendered":"29 augusti 2015"},"content":{"rendered":"<p>Soligt mer eller mindre hela dagen. 35 grader som mest vid huset.<\/p>\n<p>M\u00e5lade klart sovrumsf\u00f6nstret. F\u00e5r se om jag orkar kitta om andra halvan av f\u00f6nstret. Borde egentligen kunna klara av tv\u00e5 f\u00f6nster\/2-v resa.<\/p>\n<p>\u00c5kte till havet vid halv ett. F\u00f6rst stannade vi och k\u00e4kade p\u00e5 <a href=\"http:\/\/www.fruitsdemer-lesvivierscharentais.fr\">Viviers-Charentais<\/a> i St Palais. Skaldjursmarknad d\u00e4r man kan \u00e4ta ocks\u00e5. Allt fr\u00e5n ostron, krabbor, havskr\u00e4ftor till musslor och paella.<\/p>\n<p><img loading=\"lazy\" decoding=\"async\" class=\"aligncenter size-medium wp-image-1940\" src=\"http:\/\/www.montendre.se\/wp-content\/uploads\/2015\/08\/IMG_3760-300x225.jpg\" alt=\"IMG_3760\" width=\"300\" height=\"225\" srcset=\"https:\/\/www.montendre.se\/wp-content\/uploads\/2015\/08\/IMG_3760-300x225.jpg 300w, https:\/\/www.montendre.se\/wp-content\/uploads\/2015\/08\/IMG_3760-268x200.jpg 268w, https:\/\/www.montendre.se\/wp-content\/uploads\/2015\/08\/IMG_3760.jpg 640w\" sizes=\"(max-width: 300px) 100vw, 300px\" \/><\/p>\n<p>Efter det gick vi ner till stranden vid La Grande C\u00f4te.<\/p>\n<p><a href=\"http:\/\/www.montendre.se\/wp-content\/uploads\/2015\/08\/IMG_3761.jpg\"><img loading=\"lazy\" decoding=\"async\" class=\"aligncenter size-medium wp-image-1941\" src=\"http:\/\/www.montendre.se\/wp-content\/uploads\/2015\/08\/IMG_3761-300x225.jpg\" alt=\"IMG_3761\" width=\"300\" height=\"225\" srcset=\"https:\/\/www.montendre.se\/wp-content\/uploads\/2015\/08\/IMG_3761-300x225.jpg 300w, https:\/\/www.montendre.se\/wp-content\/uploads\/2015\/08\/IMG_3761-268x200.jpg 268w, https:\/\/www.montendre.se\/wp-content\/uploads\/2015\/08\/IMG_3761.jpg 640w\" sizes=\"(max-width: 300px) 100vw, 300px\" \/><\/a><\/p>\n<p>Sedan middag p\u00e5 Comptoir du March\u00e9 i Jonzac.<\/p>\n","protected":false},"excerpt":{"rendered":"<p>Soligt mer eller mindre hela dagen. 35 grader som mest vid huset. M\u00e5lade klart sovrumsf\u00f6nstret. F\u00e5r se om jag orkar kitta om andra halvan av f\u00f6nstret. Borde egentligen kunna klara av tv\u00e5 f\u00f6nster\/2-v resa. \u00c5kte till havet vid halv ett. F\u00f6rst stannade vi och k\u00e4kade p\u00e5 Viviers-Charentais i St Palais. &#8230;<\/p>\n","protected":false},"author":1,"featured_media":0,"comment_status":"open","ping_status":"open","sticky":false,"template":"","format":"standard","meta":{"jetpack_post_was_ever_published":false,"_jetpack_newsletter_access":"","_jetpack_dont_email_post_to_subs":false,"_jetpack_newsletter_tier_id":0,"footnotes":""},"categories":[30],"tags":[],"jetpack_sharing_enabled":true,"jetpack_featured_media_url":"","_links":{"self":[{"href":"https:\/\/www.montendre.se\/index.php?rest_route=\/wp\/v2\/posts\/1937"}],"collection":[{"href":"https:\/\/www.montendre.se\/index.php?rest_route=\/wp\/v2\/posts"}],"about":[{"href":"https:\/\/www.montendre.se\/index.php?rest_route=\/wp\/v2\/types\/post"}],"author":[{"embeddable":true,"href":"https:\/\/www.montendre.se\/index.php?rest_route=\/wp\/v2\/users\/1"}],"replies":[{"embeddable":true,"href":"https:\/\/www.montendre.se\/index.php?rest_route=%2Fwp%2Fv2%2Fcomments&post=1937"}],"version-history":[{"count":4,"href":"https:\/\/www.montendre.se\/index.php?rest_route=\/wp\/v2\/posts\/1937\/revisions"}],"predecessor-version":[{"id":1943,"href":"https:\/\/www.montendre.se\/index.php?rest_route=\/wp\/v2\/posts\/1937\/revisions\/1943"}],"wp:attachment":[{"href":"https:\/\/www.montendre.se\/index.php?rest_route=%2Fwp%2Fv2%2Fmedia&parent=1937"}],"wp:term":[{"taxonomy":"category","embeddable":true,"href":"https:\/\/www.montendre.se\/index.php?rest_route=%2Fwp%2Fv2%2Fcategories&post=1937"},{"taxonomy":"post_tag","embeddable":true,"href":"https:\/\/www.montendre.se\/index.php?rest_route=%2Fwp%2Fv2%2Ftags&post=1937"}],"curies":[{"name":"wp","href":"https:\/\/api.w.org\/{rel}","templated":true}]}}