{"id":1868,"date":"2015-07-04T21:21:33","date_gmt":"2015-07-04T19:21:33","guid":{"rendered":"http:\/\/www.montendre.se\/?p=1868"},"modified":"2015-07-04T21:21:33","modified_gmt":"2015-07-04T19:21:33","slug":"4-juli-2015","status":"publish","type":"post","link":"https:\/\/www.montendre.se\/?p=1868","title":{"rendered":"4 juli 2015"},"content":{"rendered":"<p>Svettigt och sv\u00e5rt att sova i natt.<\/p>\n<p>V\u00e4xlande molnighet under dagen. 34.4 som mest 29.7 i snitt p\u00e5 eftermiddagen.<\/p>\n<p>R\u00e4fsat lite spill fr\u00e5n h\u00e4ckklippning.<\/p>\n<p>Fortsatt med f\u00f6nsternischen. S\u00e5 h\u00e4r ser det ut n\u00e4r halva plankan \u00e4r borttagen.<\/p>\n<p><a href=\"http:\/\/www.montendre.se\/wp-content\/uploads\/2015\/07\/IMG_3650.jpg\"><img loading=\"lazy\" decoding=\"async\" class=\"aligncenter size-medium wp-image-1870\" src=\"http:\/\/www.montendre.se\/wp-content\/uploads\/2015\/07\/IMG_3650-225x300.jpg\" alt=\"IMG_3650\" width=\"225\" height=\"300\" srcset=\"https:\/\/www.montendre.se\/wp-content\/uploads\/2015\/07\/IMG_3650-225x300.jpg 225w, https:\/\/www.montendre.se\/wp-content\/uploads\/2015\/07\/IMG_3650.jpg 480w\" sizes=\"(max-width: 225px) 100vw, 225px\" \/><\/a><\/p>\n<p>Sten till v\u00e4nster, murket tr\u00e4 till h\u00f6ger. Sedan verkar man ha lagt ett lager puts under tr\u00e4bj\u00e4lken f\u00f6rmodligen f\u00f6r att j\u00e4mna ut? Eller skydda mot fukt? (Det verkar ju inte ha lyckats i s\u00e5dana fall&#8230;)<\/p>\n<p>Om jag fotar \u00e5t andra h\u00e5llet (den del av plankan som jag inte tagit bort) s\u00e5 ser ju stenen ut att l\u00f6pa p\u00e5.<\/p>\n<p><a href=\"http:\/\/www.montendre.se\/wp-content\/uploads\/2015\/07\/IMG_3648.jpg\"><img loading=\"lazy\" decoding=\"async\" class=\"aligncenter size-medium wp-image-1871\" src=\"http:\/\/www.montendre.se\/wp-content\/uploads\/2015\/07\/IMG_3648-225x300.jpg\" alt=\"IMG_3648\" width=\"225\" height=\"300\" srcset=\"https:\/\/www.montendre.se\/wp-content\/uploads\/2015\/07\/IMG_3648-225x300.jpg 225w, https:\/\/www.montendre.se\/wp-content\/uploads\/2015\/07\/IMG_3648.jpg 480w\" sizes=\"(max-width: 225px) 100vw, 225px\" \/><\/a><\/p>\n<p>Men man f\u00e5r v\u00e4l ta bort andra halvan av plankan f\u00f6r att bed\u00f6ma det. \u00c4n s\u00e5 l\u00e4nge verkar inte huset rasat \u00a0i alla fall \ud83d\ude42 F\u00f6nstret g\u00e5r att \u00f6ppna ocks\u00e5. Det \u00e4r ju ett tecken p\u00e5 att det inte tryckts ihop.<\/p>\n<p>Det luktar r\u00e4tt unket, typ k\u00e4llare. F\u00f6rmodligen r\u00e4tt mycket fukt d\u00e4r runt f\u00f6nstret.<\/p>\n<p>Klipp gr\u00e4set och st\u00e4dat lite.<\/p>\n<p>Middag p\u00e5 La Quincaillerie. Tydligen g\u00e5r det lite s\u00e4mre f\u00f6r dem&#8230; Tr\u00e5kigt.<\/p>\n","protected":false},"excerpt":{"rendered":"<p>Svettigt och sv\u00e5rt att sova i natt. V\u00e4xlande molnighet under dagen. 34.4 som mest 29.7 i snitt p\u00e5 eftermiddagen. R\u00e4fsat lite spill fr\u00e5n h\u00e4ckklippning. Fortsatt med f\u00f6nsternischen. S\u00e5 h\u00e4r ser det ut n\u00e4r halva plankan \u00e4r borttagen. Sten till v\u00e4nster, murket tr\u00e4 till h\u00f6ger. Sedan verkar man ha lagt ett &#8230;<\/p>\n","protected":false},"author":1,"featured_media":0,"comment_status":"open","ping_status":"open","sticky":false,"template":"","format":"standard","meta":{"jetpack_post_was_ever_published":false,"_jetpack_newsletter_access":"","_jetpack_dont_email_post_to_subs":false,"_jetpack_newsletter_tier_id":0,"footnotes":""},"categories":[29],"tags":[],"jetpack_sharing_enabled":true,"jetpack_featured_media_url":"","_links":{"self":[{"href":"https:\/\/www.montendre.se\/index.php?rest_route=\/wp\/v2\/posts\/1868"}],"collection":[{"href":"https:\/\/www.montendre.se\/index.php?rest_route=\/wp\/v2\/posts"}],"about":[{"href":"https:\/\/www.montendre.se\/index.php?rest_route=\/wp\/v2\/types\/post"}],"author":[{"embeddable":true,"href":"https:\/\/www.montendre.se\/index.php?rest_route=\/wp\/v2\/users\/1"}],"replies":[{"embeddable":true,"href":"https:\/\/www.montendre.se\/index.php?rest_route=%2Fwp%2Fv2%2Fcomments&post=1868"}],"version-history":[{"count":6,"href":"https:\/\/www.montendre.se\/index.php?rest_route=\/wp\/v2\/posts\/1868\/revisions"}],"predecessor-version":[{"id":1876,"href":"https:\/\/www.montendre.se\/index.php?rest_route=\/wp\/v2\/posts\/1868\/revisions\/1876"}],"wp:attachment":[{"href":"https:\/\/www.montendre.se\/index.php?rest_route=%2Fwp%2Fv2%2Fmedia&parent=1868"}],"wp:term":[{"taxonomy":"category","embeddable":true,"href":"https:\/\/www.montendre.se\/index.php?rest_route=%2Fwp%2Fv2%2Fcategories&post=1868"},{"taxonomy":"post_tag","embeddable":true,"href":"https:\/\/www.montendre.se\/index.php?rest_route=%2Fwp%2Fv2%2Ftags&post=1868"}],"curies":[{"name":"wp","href":"https:\/\/api.w.org\/{rel}","templated":true}]}}