{"id":1828,"date":"2015-07-01T22:34:29","date_gmt":"2015-07-01T20:34:29","guid":{"rendered":"http:\/\/www.montendre.se\/?p=1828"},"modified":"2015-07-27T10:34:16","modified_gmt":"2015-07-27T08:34:16","slug":"1-juli-2015","status":"publish","type":"post","link":"https:\/\/www.montendre.se\/?p=1828","title":{"rendered":"1 juli 2015"},"content":{"rendered":"<p>Det var ov\u00e4der i natt med regn och \u00e5ska.<\/p>\n<p>Varmt och soligt idag igen. Lite svalare \u00e4n ig\u00e5r, snitttemp p\u00e5 eftermiddagen 31.5, max temp 36.1.<\/p>\n<p>Rensat br\u00e4nn\u00e4sslor och lite annat ogr\u00e4s. L har ocks\u00e5 rensat mycket i tr\u00e4dg\u00e5rden, trots hettan.<\/p>\n<p>Efter lunch kom &#8221;tr\u00e4dg\u00e5rdsm\u00e4starna&#8221; som ska kapa tujah\u00e4cken f\u00f6rbi. De ska maila en offert i morgon. Jag fr\u00e5gade ocks\u00e5 om de jobbar med gr\u00e4smattor eftersom vi skulle vilja f\u00e5 ordning p\u00e5 v\u00e5r gr\u00e4smatta. Han skulle l\u00e4gga med info p\u00e5 kvm-pris f\u00f6r att g\u00f6ra i ordning gr\u00e4smattan. Eventuellt blir det sv\u00e5rt att beh\u00e5lla alla gamla frukttr\u00e4d d\u00e5. Jag fr\u00e5gade inte varf\u00f6r men jag antar att det beror p\u00e5 rotsystemen?<\/p>\n<p>&nbsp;<\/p>\n<p>Sk\u00f6rdade \u00e4nnu en stor squash p\u00e5 1,1 kg.<\/p>\n<p><a href=\"http:\/\/www.montendre.se\/wp-content\/uploads\/2015\/07\/IMG_3543.jpg\"><img loading=\"lazy\" decoding=\"async\" class=\"aligncenter size-medium wp-image-1832\" src=\"http:\/\/www.montendre.se\/wp-content\/uploads\/2015\/07\/IMG_3543-300x225.jpg\" alt=\"IMG_3543\" width=\"300\" height=\"225\" srcset=\"https:\/\/www.montendre.se\/wp-content\/uploads\/2015\/07\/IMG_3543-300x225.jpg 300w, https:\/\/www.montendre.se\/wp-content\/uploads\/2015\/07\/IMG_3543-268x200.jpg 268w, https:\/\/www.montendre.se\/wp-content\/uploads\/2015\/07\/IMG_3543.jpg 640w\" sizes=\"(max-width: 300px) 100vw, 300px\" \/><\/a><\/p>\n<p>B\u00f6rjade titta p\u00e5 f\u00f6nsternischen igen. Lite sk\u00f6nt att arbeta inne n\u00e4r det \u00e4r f\u00f6r varmt ute i solen. Tittade p\u00e5 br\u00e4dorna i nischen precis ovanf\u00f6r f\u00f6nstret.<\/p>\n<p><a href=\"http:\/\/www.montendre.se\/wp-content\/uploads\/2015\/07\/IMG_3550.jpg\"><img loading=\"lazy\" decoding=\"async\" class=\"aligncenter size-medium wp-image-1833\" src=\"http:\/\/www.montendre.se\/wp-content\/uploads\/2015\/07\/IMG_3550-300x225.jpg\" alt=\"IMG_3550\" width=\"300\" height=\"225\" srcset=\"https:\/\/www.montendre.se\/wp-content\/uploads\/2015\/07\/IMG_3550-300x225.jpg 300w, https:\/\/www.montendre.se\/wp-content\/uploads\/2015\/07\/IMG_3550-268x200.jpg 268w, https:\/\/www.montendre.se\/wp-content\/uploads\/2015\/07\/IMG_3550.jpg 640w\" sizes=\"(max-width: 300px) 100vw, 300px\" \/><\/a><\/p>\n<p>Borrade lite h\u00e5l f\u00f6r att se vad det var bakom. Jag hade f\u00f6rv\u00e4ntat mig en stor hel b\u00e4rande sten tv\u00e4rs \u00f6ver hela f\u00f6nstret. Det \u00e4r dock som ett lager med vanliga plank p\u00e5 20-30 mm. Sedan \u00e4r det en sten som t\u00e4cker ungef\u00e4r halva djupet p\u00e5 f\u00f6nsternischen. N\u00e4rmast f\u00f6nstret \u00e4r det ett &#8221;h\u00e5l&#8221; d\u00e4r det ligger en murken maskstungen bj\u00e4lke.<\/p>\n<p><a href=\"http:\/\/www.montendre.se\/wp-content\/uploads\/2015\/07\/IMG_3549.jpg\"><img loading=\"lazy\" decoding=\"async\" class=\"aligncenter size-medium wp-image-1835\" src=\"http:\/\/www.montendre.se\/wp-content\/uploads\/2015\/07\/IMG_3549-225x300.jpg\" alt=\"IMG_3549\" width=\"225\" height=\"300\" srcset=\"https:\/\/www.montendre.se\/wp-content\/uploads\/2015\/07\/IMG_3549-225x300.jpg 225w, https:\/\/www.montendre.se\/wp-content\/uploads\/2015\/07\/IMG_3549.jpg 480w\" sizes=\"(max-width: 225px) 100vw, 225px\" \/><\/a>Till h\u00f6ger f\u00f6nstret, till v\u00e4nster rummet. Den h\u00e4r bilden visar allts\u00e5 vad som finns ovanf\u00f6r plankorna i bilden ovan. Blir lite os\u00e4ker n\u00e4r man ser tjocka bj\u00e4lkliknande saker som \u00e4r helt s\u00f6nder\u00e4tna av tr\u00e4mask. \u00c4r det en b\u00e4rande del som \u00e4r helt upp\u00e4ten? \u00c4r stenen till v\u00e4nster hel och t\u00e4cker hela f\u00f6nstret och d\u00e4rmed b\u00e4rande? Jag hoppas p\u00e5 det&#8230;<\/p>\n<p>N\u00e4r det g\u00e4ller glipan mellan nischen och innerv\u00e4ggen har jag funderat lite och konstaterat ett eftersom den glipan varierar v\u00e4ldigt mycket i bredd och djup kommer det inte att fungera med att l\u00e4gga en kvartsstav d\u00e4r. S\u00e5 nu funderar jag p\u00e5 att l\u00e4gga puts \u00e4nda ut mot innerv\u00e4ggen och stadga upp putsen med ett n\u00e4t i glipan.<\/p>\n<p><a href=\"http:\/\/www.montendre.se\/wp-content\/uploads\/2015\/07\/IMG_3552.jpg\"><img loading=\"lazy\" decoding=\"async\" class=\"aligncenter size-medium wp-image-1836\" src=\"http:\/\/www.montendre.se\/wp-content\/uploads\/2015\/07\/IMG_3552-225x300.jpg\" alt=\"IMG_3552\" width=\"225\" height=\"300\" srcset=\"https:\/\/www.montendre.se\/wp-content\/uploads\/2015\/07\/IMG_3552-225x300.jpg 225w, https:\/\/www.montendre.se\/wp-content\/uploads\/2015\/07\/IMG_3552.jpg 480w\" sizes=\"(max-width: 225px) 100vw, 225px\" \/><\/a><\/p>\n<p>S\u00e5 n\u00e4r jag satt upp s\u00e5dana n\u00e4t ska jag kunna putsa vidare. Fr\u00e5gan \u00e4r bara vad som h\u00e4nder upp i &#8221;taket&#8221; av f\u00f6nsternischen s\u00e5 l\u00e4nge de murkna br\u00e4dorna ligger kvar. Jag m\u00e5ste nog l\u00f6sa den delen inna jag forts\u00e4tter putsa. N\u00e4tet kan jag s\u00e4tta dit och f\u00f6rbereda men att l\u00e4gga p\u00e5 mer murbruk nu verkar dumt.<\/p>\n<p>Middag p\u00e5 Comptoir du March\u00e9 i Jonzac.<\/p>\n","protected":false},"excerpt":{"rendered":"<p>Det var ov\u00e4der i natt med regn och \u00e5ska. Varmt och soligt idag igen. Lite svalare \u00e4n ig\u00e5r, snitttemp p\u00e5 eftermiddagen 31.5, max temp 36.1. Rensat br\u00e4nn\u00e4sslor och lite annat ogr\u00e4s. L har ocks\u00e5 rensat mycket i tr\u00e4dg\u00e5rden, trots hettan. Efter lunch kom &#8221;tr\u00e4dg\u00e5rdsm\u00e4starna&#8221; som ska kapa tujah\u00e4cken f\u00f6rbi. De &#8230;<\/p>\n","protected":false},"author":1,"featured_media":0,"comment_status":"open","ping_status":"open","sticky":false,"template":"","format":"standard","meta":{"jetpack_post_was_ever_published":false,"_jetpack_newsletter_access":"","_jetpack_dont_email_post_to_subs":false,"_jetpack_newsletter_tier_id":0,"footnotes":""},"categories":[29],"tags":[],"jetpack_sharing_enabled":true,"jetpack_featured_media_url":"","_links":{"self":[{"href":"https:\/\/www.montendre.se\/index.php?rest_route=\/wp\/v2\/posts\/1828"}],"collection":[{"href":"https:\/\/www.montendre.se\/index.php?rest_route=\/wp\/v2\/posts"}],"about":[{"href":"https:\/\/www.montendre.se\/index.php?rest_route=\/wp\/v2\/types\/post"}],"author":[{"embeddable":true,"href":"https:\/\/www.montendre.se\/index.php?rest_route=\/wp\/v2\/users\/1"}],"replies":[{"embeddable":true,"href":"https:\/\/www.montendre.se\/index.php?rest_route=%2Fwp%2Fv2%2Fcomments&post=1828"}],"version-history":[{"count":10,"href":"https:\/\/www.montendre.se\/index.php?rest_route=\/wp\/v2\/posts\/1828\/revisions"}],"predecessor-version":[{"id":1883,"href":"https:\/\/www.montendre.se\/index.php?rest_route=\/wp\/v2\/posts\/1828\/revisions\/1883"}],"wp:attachment":[{"href":"https:\/\/www.montendre.se\/index.php?rest_route=%2Fwp%2Fv2%2Fmedia&parent=1828"}],"wp:term":[{"taxonomy":"category","embeddable":true,"href":"https:\/\/www.montendre.se\/index.php?rest_route=%2Fwp%2Fv2%2Fcategories&post=1828"},{"taxonomy":"post_tag","embeddable":true,"href":"https:\/\/www.montendre.se\/index.php?rest_route=%2Fwp%2Fv2%2Ftags&post=1828"}],"curies":[{"name":"wp","href":"https:\/\/api.w.org\/{rel}","templated":true}]}}