{"id":1817,"date":"2015-06-30T21:30:34","date_gmt":"2015-06-30T19:30:34","guid":{"rendered":"http:\/\/www.montendre.se\/?p=1817"},"modified":"2015-07-01T18:52:20","modified_gmt":"2015-07-01T16:52:20","slug":"30-juni-2015","status":"publish","type":"post","link":"https:\/\/www.montendre.se\/?p=1817","title":{"rendered":"30 juni 2015"},"content":{"rendered":"<p>Fick offerten fr\u00e5n Albert idag. Slutade p\u00e5 1700 \u20ac inklusive 2 toastolar \u00e1 379 \u20ac. Lite dyra toastolar kanske?<\/p>\n<p>Varmt idag. Snitttemperatur p\u00e5 eftermiddagen har var 34,8. Just nu (19:30) \u00e4r det 35 grader, h\u00f6gsta temp 40,9.<\/p>\n<p>Jag kittade f\u00f6nster p\u00e5 f\u00f6rmiddag och p\u00e5 kv\u00e4llen.<\/p>\n<p><a href=\"http:\/\/www.montendre.se\/wp-content\/uploads\/2015\/06\/IMG_3541.jpg\"><img loading=\"lazy\" decoding=\"async\" class=\"aligncenter size-medium wp-image-1825\" src=\"http:\/\/www.montendre.se\/wp-content\/uploads\/2015\/06\/IMG_3541-225x300.jpg\" alt=\"IMG_3541\" width=\"225\" height=\"300\" srcset=\"https:\/\/www.montendre.se\/wp-content\/uploads\/2015\/06\/IMG_3541-225x300.jpg 225w, https:\/\/www.montendre.se\/wp-content\/uploads\/2015\/06\/IMG_3541.jpg 480w\" sizes=\"(max-width: 225px) 100vw, 225px\" \/><\/a><\/p>\n<p>D\u00e4remellan \u00e5kte vi till Meschers. K\u00e4kade (inte p\u00e5 stranden Plage des nonnes f\u00f6r d\u00e4r var det st\u00e4ngt) vid Meschers hamn och sedan tog vi stranden strax norr om Plage des nonnes. Svalt (21 grader) i havet s\u00e5 det svalkade sk\u00f6nt. Utrustade med nytt parasoll, tv\u00e5 strandmattor och en &#8221;panamahatt&#8221;. Som riktiga semestersabot\u00f6rer \ud83d\ude42<\/p>\n<p><img loading=\"lazy\" decoding=\"async\" class=\"aligncenter size-medium wp-image-1826\" src=\"http:\/\/www.montendre.se\/wp-content\/uploads\/2015\/06\/IMG_3533-300x225.jpg\" alt=\"IMG_3533\" width=\"300\" height=\"225\" srcset=\"https:\/\/www.montendre.se\/wp-content\/uploads\/2015\/06\/IMG_3533-300x225.jpg 300w, https:\/\/www.montendre.se\/wp-content\/uploads\/2015\/06\/IMG_3533-268x200.jpg 268w, https:\/\/www.montendre.se\/wp-content\/uploads\/2015\/06\/IMG_3533.jpg 640w\" sizes=\"(max-width: 300px) 100vw, 300px\" \/><\/p>\n<p>Middag p\u00e5 nattmarknaden i byn.<\/p>\n","protected":false},"excerpt":{"rendered":"<p>Fick offerten fr\u00e5n Albert idag. Slutade p\u00e5 1700 \u20ac inklusive 2 toastolar \u00e1 379 \u20ac. Lite dyra toastolar kanske? Varmt idag. Snitttemperatur p\u00e5 eftermiddagen har var 34,8. Just nu (19:30) \u00e4r det 35 grader, h\u00f6gsta temp 40,9. Jag kittade f\u00f6nster p\u00e5 f\u00f6rmiddag och p\u00e5 kv\u00e4llen. D\u00e4remellan \u00e5kte vi till Meschers. &#8230;<\/p>\n","protected":false},"author":1,"featured_media":0,"comment_status":"open","ping_status":"open","sticky":false,"template":"","format":"standard","meta":{"jetpack_post_was_ever_published":false,"_jetpack_newsletter_access":"","_jetpack_dont_email_post_to_subs":false,"_jetpack_newsletter_tier_id":0,"footnotes":""},"categories":[29],"tags":[],"jetpack_sharing_enabled":true,"jetpack_featured_media_url":"","_links":{"self":[{"href":"https:\/\/www.montendre.se\/index.php?rest_route=\/wp\/v2\/posts\/1817"}],"collection":[{"href":"https:\/\/www.montendre.se\/index.php?rest_route=\/wp\/v2\/posts"}],"about":[{"href":"https:\/\/www.montendre.se\/index.php?rest_route=\/wp\/v2\/types\/post"}],"author":[{"embeddable":true,"href":"https:\/\/www.montendre.se\/index.php?rest_route=\/wp\/v2\/users\/1"}],"replies":[{"embeddable":true,"href":"https:\/\/www.montendre.se\/index.php?rest_route=%2Fwp%2Fv2%2Fcomments&post=1817"}],"version-history":[{"count":5,"href":"https:\/\/www.montendre.se\/index.php?rest_route=\/wp\/v2\/posts\/1817\/revisions"}],"predecessor-version":[{"id":1840,"href":"https:\/\/www.montendre.se\/index.php?rest_route=\/wp\/v2\/posts\/1817\/revisions\/1840"}],"wp:attachment":[{"href":"https:\/\/www.montendre.se\/index.php?rest_route=%2Fwp%2Fv2%2Fmedia&parent=1817"}],"wp:term":[{"taxonomy":"category","embeddable":true,"href":"https:\/\/www.montendre.se\/index.php?rest_route=%2Fwp%2Fv2%2Fcategories&post=1817"},{"taxonomy":"post_tag","embeddable":true,"href":"https:\/\/www.montendre.se\/index.php?rest_route=%2Fwp%2Fv2%2Ftags&post=1817"}],"curies":[{"name":"wp","href":"https:\/\/api.w.org\/{rel}","templated":true}]}}